{"id":2505,"date":"2011-04-23T10:36:29","date_gmt":"2011-04-23T08:36:29","guid":{"rendered":"http:\/\/comunitapastoralecassina.org\/ver2\/?p=2505"},"modified":"2013-01-25T22:04:44","modified_gmt":"2013-01-25T21:04:44","slug":"2505","status":"publish","type":"post","link":"https:\/\/comunitapastoralecassina.org\/ver2\/2011\/04\/2505\/","title":{"rendered":"1 maggio 2011: LA BEATIFICAZIONE DI GIOVANNI PAOLO II"},"content":{"rendered":"<p><strong><img loading=\"lazy\" decoding=\"async\" class=\"size-medium wp-image-2519 alignright\" title=\"giovanni paolo\" src=\"http:\/\/comunitapastoralecassina.org\/ver2\/wp-content\/uploads\/giovanni-paolo-207x300.jpg\" alt=\"\" width=\"207\" height=\"300\" srcset=\"https:\/\/comunitapastoralecassina.org\/ver2\/wp-content\/uploads\/giovanni-paolo-207x300.jpg 207w, https:\/\/comunitapastoralecassina.org\/ver2\/wp-content\/uploads\/giovanni-paolo-709x1024.jpg 709w, https:\/\/comunitapastoralecassina.org\/ver2\/wp-content\/uploads\/giovanni-paolo.jpg 1215w\" sizes=\"auto, (max-width: 207px) 100vw, 207px\" \/>&#8220;<\/strong><strong><em>Preso per mano dal Signore&#8221;<\/em><\/strong><strong><em><\/em><\/strong><\/p>\n<p>II profeta Isaia presenta la figura del &#8220;Servo di Dio&#8221;, che \u00e8 allo stesso tempo il suo eletto, nel quale egli si compiace. Il Servo agir\u00e0 con fermezza incrollabile, con un&#8217;energia che non viene meno fino a che egli non abbia realizzato il compito che gli \u00e8 stato assegnato.<\/p>\n<p>Eppure non avr\u00e0 a sua disposizione quei mezzi umani che sembrano indispensabili all&#8217;attuazione di un piano cos\u00ec grandioso.<\/p>\n<p>Egli si presenter\u00e0 con la forza della convinzione, e sar\u00e0 lo Spirito che Dio ha posto in lui a dargli la capacit\u00e0 di agire con mitezza e con forza, assicurandogli il successo finale.<\/p>\n<p>Ci\u00f2 che il profeta ispirato dice del Servo, lo possiamo applicare all&#8217;amato Giovanni Paolo II: il Signore lo ha chiamato al suo servizio e, nell&#8217;affidargli compiti di sempre maggiore responsabilit\u00e0, lo ha anche accompagnato con la sua grazia e con la sua continua assistenza.<\/p>\n<p>Du\u00adrante il suo lungo Pontificato, egli si \u00e8 prodigato nel proclamare il di\u00adritto con fermezza, senza debolezze o tentennamenti, soprattutto quando doveva misurarsi con resistenze, ostilit\u00e0 e rifiuti. Sapeva di es\u00adsere stato preso per mano dal Signore, e questo gli ha consentito di eser\u00adcitare un ministero molto fecondo, per il quale, ancora una volta, ren\u00addiamo fervide grazie a Dio.<\/p>\n<p>Tutta la vita del Venerabile Giovanni Paolo II si \u00e8 svolta nel se\u00adgno di questa carit\u00e0, della capacit\u00e0 di donarsi in modo generoso, sen\u00adza riserve, senza misura, senza calcolo. Ci\u00f2 che lo muoveva era l&#8217;amo\u00adre verso Cristo, a cui aveva consacrato la vita, un amore sovrabbondante e incondizionato. E proprio perch\u00e9 si \u00e8 avvicinato sempre pi\u00f9 a Dio nel\u00adl&#8217;amore, egli ha potuto farsi compagno di viaggio per l&#8217;uomo di oggi, spargendo nel mondo il profumo dell&#8217;Amore di\u00a0\u00a0 Dio.<\/p>\n<p>Chi ha avuto la gio\u00adia di conoscerlo e frequentarlo, ha potuto toccare con mano quanto viva fosse in lui la certezza \u00abdi contemplare la bont\u00e0 del Signore nella terra dei viventi\u00bb; certezza che lo ha accompagnato nel corso della sua esistenza e che, in modo particolare, si \u00e8 manifestata durante l&#8217;ultimo periodo del suo pellegrinaggio su questa terra. La progressiva debolez\u00adza fisica, infatti, non ha mai intaccato la sua fede rocciosa, la sua luminosa speranza, la sua fervente carit\u00e0.<\/p>\n<p>Si \u00e8 lasciato consumare per Cristo, per la Chiesa, per il mondo intero: la sua \u00e8 stata una sofferenza vissuta fino all&#8217;ultimo per amore e con amore.<\/p>\n<p>Nell&#8217;omelia per il XXV anniversario del suo Pontificato, egli confi\u00add\u00f2 di avere sentito forte nel suo cuore, al momento dell&#8217;elezione, la do\u00admanda di Ges\u00f9 a Pietro:<\/p>\n<p>\u00ab<em>Mi ami tu? Mi ami pi\u00f9 di costoro?\u00bb ( <\/em>Gv 21,15-16); e aggiunse: \u00ab<em>Ogni giorno si svolge all&#8217;interno del mio cuore lo stes\u00adso dialogo tra Ges\u00f9 e Pietro. <\/em><\/p>\n<p><em>Nello spirito, fisso lo sguardo benevolo di Cristo risorto. Egli, pur consapevole della mia umana fragilit\u00e0, mi in\u00adcoraggia a rispondere con fiducia come Pietro: &#8220;Signore, tu sai tutto; tu sai che ti amo&#8221; (Gv 21,17). E poi mi invita ad assumere le responsabi\u00adlit\u00e0 che Lui stesso mi ha affidato<\/em>\u00bb.<\/p>\n<p>Sono parole cariche di fede e di amore, l&#8217;amore di Dio, che tutto vince!<\/p>\n<p><em>(Benedetto XVI)<\/em><\/p>\n","protected":false},"excerpt":{"rendered":"<p>&#8220;Preso per mano dal Signore&#8221; II profeta Isaia presenta la figura del &#8220;Servo di Dio&#8221;, che \u00e8 allo stesso tempo il suo eletto, nel quale egli si compiace. Il Servo agir\u00e0 con fermezza incrollabile, con un&#8217;energia che non viene meno fino a che egli non abbia realizzato il compito che gli \u00e8 stato assegnato. Eppure [&hellip;]<\/p>\n","protected":false},"author":2,"featured_media":0,"comment_status":"closed","ping_status":"open","sticky":false,"template":"","format":"standard","meta":{"footnotes":""},"categories":[19],"tags":[],"class_list":{"0":"post-2505","1":"post","2":"type-post","3":"status-publish","4":"format-standard","6":"category-prima-pagina"},"_links":{"self":[{"href":"https:\/\/comunitapastoralecassina.org\/ver2\/wp-json\/wp\/v2\/posts\/2505","targetHints":{"allow":["GET"]}}],"collection":[{"href":"https:\/\/comunitapastoralecassina.org\/ver2\/wp-json\/wp\/v2\/posts"}],"about":[{"href":"https:\/\/comunitapastoralecassina.org\/ver2\/wp-json\/wp\/v2\/types\/post"}],"author":[{"embeddable":true,"href":"https:\/\/comunitapastoralecassina.org\/ver2\/wp-json\/wp\/v2\/users\/2"}],"replies":[{"embeddable":true,"href":"https:\/\/comunitapastoralecassina.org\/ver2\/wp-json\/wp\/v2\/comments?post=2505"}],"version-history":[{"count":9,"href":"https:\/\/comunitapastoralecassina.org\/ver2\/wp-json\/wp\/v2\/posts\/2505\/revisions"}],"predecessor-version":[{"id":5852,"href":"https:\/\/comunitapastoralecassina.org\/ver2\/wp-json\/wp\/v2\/posts\/2505\/revisions\/5852"}],"wp:attachment":[{"href":"https:\/\/comunitapastoralecassina.org\/ver2\/wp-json\/wp\/v2\/media?parent=2505"}],"wp:term":[{"taxonomy":"category","embeddable":true,"href":"https:\/\/comunitapastoralecassina.org\/ver2\/wp-json\/wp\/v2\/categories?post=2505"},{"taxonomy":"post_tag","embeddable":true,"href":"https:\/\/comunitapastoralecassina.org\/ver2\/wp-json\/wp\/v2\/tags?post=2505"}],"curies":[{"name":"wp","href":"https:\/\/api.w.org\/{rel}","templated":true}]}}