{"id":2546,"date":"2011-05-20T13:57:08","date_gmt":"2011-05-20T11:57:08","guid":{"rendered":"http:\/\/comunitapastoralecassina.org\/ver2\/?p=2546"},"modified":"2013-01-25T22:04:43","modified_gmt":"2013-01-25T21:04:43","slug":"citta-dei-ragazzi-battibaleno","status":"publish","type":"post","link":"https:\/\/comunitapastoralecassina.org\/ver2\/2011\/05\/citta-dei-ragazzi-battibaleno\/","title":{"rendered":"CITT\u00c1 DEI RAGAZZI &#8211; \u201cBATTIBALENO\u201d"},"content":{"rendered":"<h2>INSEGNACI A CONTARE I NOSTRI GIORNI<\/h2>\n<p>\u00a0<strong>Oratorio S. Domenico Savio<\/strong><\/p>\n<p>Quest&#8217;anno la Citt\u00e0 dei ragazzi si svolger\u00e0<\/p>\n<p><strong>dal 13 giugno all&#8217;8 luglio 2011<\/strong><\/p>\n<p><strong><\/strong><\/p>\n<p><strong><span style=\"text-decoration: underline;\">ISCRIZIONI <\/span><\/strong><strong><\/strong><\/p>\n<p>\u25ba Le iscrizioni, per tutti i ragazzi dalla 1<sup>a<\/sup> elementare (gi\u00e0 frequentata) alla 3<sup>a<\/sup> media, si terranno <strong><span style=\"text-decoration: underline;\">dal 16 maggio al 10 giugno<\/span><\/strong> presso la Segreteria dell&#8217;Oratorio (luned\u00ec-venerd\u00ec, ore 16.30-18.30). <span style=\"text-decoration: underline;\">All&#8217;iscrizione portare il BRACCIALETTO in possesso dallo scorso anno.<\/span><\/p>\n<p>Per la validit\u00e0 dell&#8217;iscrizione \u00e8 indispensabile che i genitori partecipino alla RIUNIONE con la presentazione del programma, che si terr\u00e0 <strong><span style=\"text-decoration: underline;\">LUNED\u00cc 6 GIUGNO, ore 21.00 in Oratorio SDS.<\/span><\/strong><\/p>\n<p>\u25ba Si possono acquistare i BUONI PASTO a \u20ac 1,50.<\/p>\n<p><strong><span style=\"text-decoration: underline;\">VUOI DARE UNA MANO? <\/span><\/strong><strong><\/strong><\/p>\n<p><em>Cari genitori, nonni, zii e adulti c&#8217;\u00e8 bisogno di voi!<\/em><\/p>\n<p><em>Volete dare una mano per la CDR e offrirvi per qualche servizio? Ritirate in Oratorio il modulo apposito, compilatelo con le vostre disponibilit\u00e0 e consegnatelo <\/em><\/p>\n<p><strong><em><span style=\"text-decoration: underline;\">entro e non oltre il 3 giugno!<\/span><\/em><\/strong><strong><em> <\/em><\/strong><\/p>\n<p>Per chi si offrir\u00e0, <strong>MARTED\u00cc 31 MAGGIO, <\/strong>alle <strong>ore 18.00, <\/strong><\/p>\n<p><strong>ci sar\u00e0 la riunione organizzativa!<\/strong><\/p>\n<p><strong><span style=\"text-decoration: underline;\">INCONTRI DI PREPARAZIONE PER GLI ANIMATORI<\/span><\/strong><\/p>\n<ul>\n<li>\u00a0<strong>29 maggio<\/strong>\u00a0\u00a0\u00a0\u00a0\u00a0 ore 11.00\/13.30\u00a0\u00a0\u00a0\u00a0\u00a0\u00a0\u00a0\u00a0\u00a0 Preparazione\/formazione<\/li>\n<li>\u00a0<strong>5 giugno<\/strong>\u00a0\u00a0\u00a0\u00a0\u00a0\u00a0\u00a0 ore 11.00\/13.30\u00a0\u00a0\u00a0\u00a0\u00a0\u00a0\u00a0\u00a0\u00a0 Preparazione\/formazione<\/li>\n<li>\u00a0<strong>6 giugno<\/strong>\u00a0\u00a0\u00a0\u00a0\u00a0\u00a0\u00a0\u00a0\u00a0\u00a0\u00a0\u00a0\u00a0\u00a0\u00a0\u00a0\u00a0\u00a0\u00a0\u00a0\u00a0 ore 19.30\u00a0\u00a0\u00a0\u00a0\u00a0 Preparazione dell\u2019incontro per genitori (veniamo gi\u00e0 &#8220;cenati&#8221;)<br \/>\n\u00a0ore 21.00\u00a0\u00a0\u00a0\u00a0\u00a0\u00a0\u00a0 Presentazione CdR ai genitori<\/li>\n<li>\u00a0<strong>12 giugno<\/strong>\u00a0\u00a0\u00a0\u00a0\u00a0 ore 11.00\/13.30\u00a0\u00a0\u00a0\u00a0\u00a0\u00a0\u00a0\u00a0\u00a0 Preparazione\/formazione<\/li>\n<\/ul>\n<p>Ricordati che per\u00a0poter &#8216;animare&#8217; i ragazzi \u00e8 necessario anzitutto formarsi e creare la giusta armonia tra tutti gli animatori che opereranno nei tre Oratori!<\/p>\n<p><strong><span style=\"text-decoration: underline;\">Entro il 5 giugno chiedi un incontro con don Paolo e madre Elisa<\/span><\/strong>.<\/p>\n<p>A presto!\u00a0\u00a0\u00a0\u00a0\u00a0\u00a0\u00a0\u00a0\u00a0\u00a0\u00a0\u00a0\u00a0\u00a0\u00a0\u00a0\u00a0\u00a0\u00a0\u00a0 \u00a0\u00a0\u00a0\u00a0\u00a0\u00a0\u00a0\u00a0\u00a0\u00a0\u00a0 <em>don Paolo, le Madri, gli educatori<\/em><\/p>\n","protected":false},"excerpt":{"rendered":"<p>INSEGNACI A CONTARE I NOSTRI GIORNI \u00a0Oratorio S. Domenico Savio Quest&#8217;anno la Citt\u00e0 dei ragazzi si svolger\u00e0 dal 13 giugno all&#8217;8 luglio 2011 ISCRIZIONI \u25ba Le iscrizioni, per tutti i ragazzi dalla 1a elementare (gi\u00e0 frequentata) alla 3a media, si terranno dal 16 maggio al 10 giugno presso la Segreteria dell&#8217;Oratorio (luned\u00ec-venerd\u00ec, ore 16.30-18.30). All&#8217;iscrizione [&hellip;]<\/p>\n","protected":false},"author":2,"featured_media":0,"comment_status":"closed","ping_status":"open","sticky":false,"template":"","format":"standard","meta":{"footnotes":""},"categories":[23],"tags":[],"class_list":{"0":"post-2546","1":"post","2":"type-post","3":"status-publish","4":"format-standard","6":"category-avvisi"},"_links":{"self":[{"href":"https:\/\/comunitapastoralecassina.org\/ver2\/wp-json\/wp\/v2\/posts\/2546","targetHints":{"allow":["GET"]}}],"collection":[{"href":"https:\/\/comunitapastoralecassina.org\/ver2\/wp-json\/wp\/v2\/posts"}],"about":[{"href":"https:\/\/comunitapastoralecassina.org\/ver2\/wp-json\/wp\/v2\/types\/post"}],"author":[{"embeddable":true,"href":"https:\/\/comunitapastoralecassina.org\/ver2\/wp-json\/wp\/v2\/users\/2"}],"replies":[{"embeddable":true,"href":"https:\/\/comunitapastoralecassina.org\/ver2\/wp-json\/wp\/v2\/comments?post=2546"}],"version-history":[{"count":8,"href":"https:\/\/comunitapastoralecassina.org\/ver2\/wp-json\/wp\/v2\/posts\/2546\/revisions"}],"predecessor-version":[{"id":5844,"href":"https:\/\/comunitapastoralecassina.org\/ver2\/wp-json\/wp\/v2\/posts\/2546\/revisions\/5844"}],"wp:attachment":[{"href":"https:\/\/comunitapastoralecassina.org\/ver2\/wp-json\/wp\/v2\/media?parent=2546"}],"wp:term":[{"taxonomy":"category","embeddable":true,"href":"https:\/\/comunitapastoralecassina.org\/ver2\/wp-json\/wp\/v2\/categories?post=2546"},{"taxonomy":"post_tag","embeddable":true,"href":"https:\/\/comunitapastoralecassina.org\/ver2\/wp-json\/wp\/v2\/tags?post=2546"}],"curies":[{"name":"wp","href":"https:\/\/api.w.org\/{rel}","templated":true}]}}