{"id":2602,"date":"2011-06-05T21:04:10","date_gmt":"2011-06-05T19:04:10","guid":{"rendered":"http:\/\/comunitapastoralecassina.org\/ver2\/?p=2602"},"modified":"2013-01-25T22:04:42","modified_gmt":"2013-01-25T21:04:42","slug":"novena-di-pentecoste","status":"publish","type":"post","link":"https:\/\/comunitapastoralecassina.org\/ver2\/2011\/06\/novena-di-pentecoste\/","title":{"rendered":"Novena di Pentecoste"},"content":{"rendered":"<p>Giorni di particolare pregnanza spirituale per la Chiesa sono quelli compresi tra la solennit\u00e0 dell\u2019Ascensione del Signore e l\u2019ottava domenica di Pasqua in cui celebriamo la manifestazione dello Spirito santo a Pentecoste.<\/p>\n<p>Denominati \u201cnovena\u201d o \u201csettimana\u201d, secondo che l\u2019Ascensione sia celebrata il gioved\u00ec a 40 giorni dalla Pasqua oppure la domenica precedente la Pentecoste, questi giorni raffigurano la Chiesa orante che attende una nuova manifestazione dello Spirito sulla terra.<\/p>\n<p>Per contemplare il mistero della Chiesa \u00e8 significativo porre lo sguardo sull\u2019intero periodo vissuto dagli apostoli tra la Pasqua, in cui il Signore Ges\u00f9 comunica loro lo Spirito (Gv 20,22), e la Pentecoste, in cui lo Spirito discende e si manifesta con l\u2019evento di una pubblica testimonianza (Atti 2,1-12).<\/p>\n<p>Ma \u00e8 soprattutto nei giorni successivi all\u2019ultima apparizione, in cui il Cristo viene elevato in alto, che la comunit\u00e0 apostolica vive la promessa di ricevere forza dallo Spirito santo per essere autentica testimone del Signore, nell\u2019attesa che egli venga allo stesso modo in cui \u00e8 stato visto andare in cielo (Atti 1,6-11).\u00a0\u00a0\u00a0\u00a0\u00a0\u00a0\u00a0\u00a0\u00a0\u00a0\u00a0\u00a0\u00a0\u00a0\u00a0\u00a0\u00a0\u00a0\u00a0\u00a0\u00a0\u00a0\u00a0\u00a0\u00a0\u00a0\u00a0\u00a0\u00a0\u00a0 \u00a0\u00a0\u00a0\u00a0<\/p>\n<h2>In attesa del dono dello Spirito Santo<\/h2>\n<p><em>\u00abIn questi giorni di preparazione alla solennit\u00e0 di Pentecoste non ci scostiamo dal Cenacolo. In esso vi erano adunate con Maria anche le sante donne che stettero con Lei sotto la croce e al sepolcro. Avevano lungamente taciuto, sospirato e pianto in cuor loro, ora nel Cenacolo sono degnate di carismi divini. Furono, come a dire, i primi fiori della Chiesa nascente germinati al caldo dello Spirito Santo e all\u2019ombra della divina Maria; albergo vivo di Dio e domicilio di ogni grazia e di ogni virt\u00f9. <\/em><\/p>\n<p><em>La croce riemp\u00ec la loro anima di sante tristezze ed ora il divino Spirito le ricolma di arcane gioie.<\/em><\/p>\n<p><em>Stiamo anche noi nel Cenacolo e amiamo e adoriamo con loro. <\/em><\/p>\n<p><em>Apriamo il cuore allo Spirito Santo e diciamogli che ci parli con accenti di folgore, che abbatta e schianti tutto il terrestre e crei in noi il nuovo e il divino. Tutto taccia in noi e intorno a noi e disponiamoci cos\u00ec ai carismi di Pentecoste. E se vogliamo che Egli parli dentro di noi giuriamogli di tacere sempre. <\/em><\/p>\n<p><em>Tacere nel dolore e nella lotta; nelle aridit\u00e0 e desolazioni dell\u2019anima; tacere negli scontri penosi dell\u2019amor proprio; tacere nella serena disinvoltura di chi si sente vile e gode di essere trattato da vile; tacere delle cose della terra e di tutto ci\u00f2 che ha sentore di umano. <\/em><\/p>\n<p><em>Con questo silenzio diventeremo come morti al mondo e vivremo a Dio solo. Allora seguir\u00e0 in noi quello che si chiama cambiamento del cuore e l\u2019anima al fuoco del Paraclito prender\u00e0 istinti nuovi e divini. La grazia poi aiuter\u00e0 questi atti dei quali solo Dio \u00e8 testimone. Cos\u00ec l\u2019anima \u00e8 preparata a ricevere lo Spirito Santo, il quale la purifica, le applica il tesoro dei meriti infiniti del Redentore e forma con lei il consorzio e il colloquio dell\u2019amore. Per la soavit\u00e0 intima di questo commercio, l\u2019anima \u00e8 ripagata dei dolori e delle lotte sostenute. \u00c8 vestita di fuoco, inebriata di Sangue come diceva Santa Caterina da Siena, e nel silenzio e nella contemplazione del Crocifisso trova la tregua, il riposo, la pace, che sorpassa ogni senso e ogni bene.\u00a0<\/em><\/p>\n<p><em><\/em>(da un autore del XIX\u00b0 sec.)<\/p>\n","protected":false},"excerpt":{"rendered":"<p>Giorni di particolare pregnanza spirituale per la Chiesa sono quelli compresi tra la solennit\u00e0 dell\u2019Ascensione del Signore e l\u2019ottava domenica di Pasqua in cui celebriamo la manifestazione dello Spirito santo a Pentecoste. Denominati \u201cnovena\u201d o \u201csettimana\u201d, secondo che l\u2019Ascensione sia celebrata il gioved\u00ec a 40 giorni dalla Pasqua oppure la domenica precedente la Pentecoste, questi [&hellip;]<\/p>\n","protected":false},"author":2,"featured_media":0,"comment_status":"closed","ping_status":"open","sticky":false,"template":"","format":"standard","meta":{"footnotes":""},"categories":[19],"tags":[],"class_list":{"0":"post-2602","1":"post","2":"type-post","3":"status-publish","4":"format-standard","6":"category-prima-pagina"},"_links":{"self":[{"href":"https:\/\/comunitapastoralecassina.org\/ver2\/wp-json\/wp\/v2\/posts\/2602","targetHints":{"allow":["GET"]}}],"collection":[{"href":"https:\/\/comunitapastoralecassina.org\/ver2\/wp-json\/wp\/v2\/posts"}],"about":[{"href":"https:\/\/comunitapastoralecassina.org\/ver2\/wp-json\/wp\/v2\/types\/post"}],"author":[{"embeddable":true,"href":"https:\/\/comunitapastoralecassina.org\/ver2\/wp-json\/wp\/v2\/users\/2"}],"replies":[{"embeddable":true,"href":"https:\/\/comunitapastoralecassina.org\/ver2\/wp-json\/wp\/v2\/comments?post=2602"}],"version-history":[{"count":7,"href":"https:\/\/comunitapastoralecassina.org\/ver2\/wp-json\/wp\/v2\/posts\/2602\/revisions"}],"predecessor-version":[{"id":5834,"href":"https:\/\/comunitapastoralecassina.org\/ver2\/wp-json\/wp\/v2\/posts\/2602\/revisions\/5834"}],"wp:attachment":[{"href":"https:\/\/comunitapastoralecassina.org\/ver2\/wp-json\/wp\/v2\/media?parent=2602"}],"wp:term":[{"taxonomy":"category","embeddable":true,"href":"https:\/\/comunitapastoralecassina.org\/ver2\/wp-json\/wp\/v2\/categories?post=2602"},{"taxonomy":"post_tag","embeddable":true,"href":"https:\/\/comunitapastoralecassina.org\/ver2\/wp-json\/wp\/v2\/tags?post=2602"}],"curies":[{"name":"wp","href":"https:\/\/api.w.org\/{rel}","templated":true}]}}