{"id":2661,"date":"2011-06-17T16:19:44","date_gmt":"2011-06-17T14:19:44","guid":{"rendered":"http:\/\/comunitapastoralecassina.org\/ver2\/?p=2661"},"modified":"2013-01-25T22:04:41","modified_gmt":"2013-01-25T21:04:41","slug":"2661","status":"publish","type":"post","link":"https:\/\/comunitapastoralecassina.org\/ver2\/2011\/06\/2661\/","title":{"rendered":"Domenica 19 giugno 2011 &#8211; SANTISSIMA TRINIT\u00c0"},"content":{"rendered":"<p>Dopo il tempo pasquale, concluso domenica scorsa con la Pentecoste, la Liturgia \u00e8 ritornata al \u201ctempo ordinario\u201d. Ci\u00f2 non vuol dire per\u00f2 che l\u2019impegno dei cristiani debba diminuire, anzi, entrati nella vita divina mediante i Sacramenti, siamo chiamati quotidianamente ad essere aperti all\u2019azione della Grazia, per progredire nell\u2019amore verso Dio e il prossimo.<\/p>\n<p>L\u2019odierna domenica della Santissima Trinit\u00e0, in un certo senso, ricapitola la rivelazione di Dio avvenuta nei misteri pasquali: morte e risurrezione di Cristo, sua ascensione alla destra del Padre ed effusione dello Spirito Santo.<\/p>\n<p>La mente e il linguaggio umani sono inadeguati a spiegare la relazione esistente tra il Padre, il Figlio e lo Spirito Santo, e tuttavia la Trinit\u00e0 divina, prende dimora in noi fin dal giorno del Battesimo: \u201cIo ti battezzo nel nome del Padre e del Figlio e dello Spirito Santo\u201d.<\/p>\n<p>Il nome di Dio, nel quale siamo stati battezzati, noi lo ricordiamo ogni volta che tracciamo su noi stessi il segno della croce.<\/p>\n<p>Nel segno della croce e nel nome del Dio vivente \u00e8, perci\u00f2, contenuto l\u2019annuncio che genera la fede, la vita cristiana e ispira la preghiera.<\/p>\n<p>Come nel vangelo Ges\u00f9 promette agli Apostoli che \u201cquando verr\u00e0 lui, lo Spirito della verit\u00e0, vi guider\u00e0 a tutta la verit\u00e0\u201d (Gv 16,13), cos\u00ec avviene nella liturgia domenicale, quando i sacerdoti dispensano, di settimana in settimana, il pane della Parola e dell\u2019Eucaristia.<\/p>\n<p>Anche il santo Curato d\u2019Ars lo ricordava ai suoi fedeli: \u00ab<em>Chi ha accolto la vostra anima al primo entrare nella vita? Il sacerdote. Chi la nutre per darle la forza di compiere il suo pellegrinaggio? Il sacerdote. Chi la preparer\u00e0 a comparire innanzi a Dio, lavandola per l\u2019ultima volta nel sangue di Ges\u00f9 Cristo? \u2026 sempre il sacerdote<\/em>\u00bb.<\/p>\n<p>(Dall&#8217;omelia di Benedetto XVI)<\/p>\n<hr \/>\n<p>\u00a0<strong>PREGHIAMO CON SANTA ELISABETTA<\/strong><\/p>\n<p>\u00a0<em>Volle prendere come nome di religiosa quello di Elisabetta della Trinit<\/em><em>\u00e0. Visse solo 26 anni, dal 1880 al 1906, ma la sua esperienza mistica fu folgorante. Rivolgiamo la nostra preghiera alla SS. Trinit\u00e0 attraverso questa &#8220;elevazione alla Santissima Trinit\u00e0&#8221; di suor Elisabetta, che porta la data del 21 novembre 1904. \u00c8 un esempio luminoso di preghiera contemplativa nella quale nulla si chiede se non l&#8217;intimit\u00e0 col mistero divino, la sua rivelazione, la sua comunione. Troppo spesso si \u00e8 ridotta la Trinit\u00e0 a un campo di speculazioni teologiche, di freddi teoremi dogmatici. La liturgia e la mistica ci invitano, invece, a ritrovare la luce e la gioia della contemplazione.<\/em><\/p>\n<p style=\"text-align: center;\">O mio Dio, Trinit\u00e0 che adoro, fa&#8217;che in ogni istante<br \/>\nmi immerga sempre pi\u00f9 nelle profondit\u00e0 del tuo mistero.<\/p>\n<p style=\"text-align: center;\">D\u00e0 pace alla mia anima, fanne il tuo cielo, il luogo del tuo riposo.<\/p>\n<p style=\"text-align: center;\">Verbo eterno, Parola del mio Dio, Cristo Signore,<br \/>\nvoglio passare la mia vita ad ascoltarti<br \/>\ne nelle notti dello spirito e nel vuoto voglio fissarti sempre<br \/>\ne starmene sotto la tua grande luce.<\/p>\n<p style=\"text-align: center;\">O mio astro diletto, affascinami<br \/>\ncos\u00ec che io non mi possa sottrarre mai pi\u00f9 al tuo irraggiamento.<\/p>\n<p style=\"text-align: center;\">Fuoco ardente, Spirito di amore, vieni in me<br \/>\ne fa&#8217; della mia anima un&#8217;incarnazione del Verbo.<\/p>\n<p style=\"text-align: center;\">E tu, o Padre, chinati sulla tua povera, piccola creatura,<br \/>\ncoprila con la tua ombra!<\/p>\n<p style=\"text-align: center;\">O miei &#8220;Tre&#8221;, mio Tutto, mia Beatitudine, Solitudine infinita,<br \/>\nImmensit\u00e0 in cui mi perdo,<br \/>\nio mi abbandono a Te.<\/p>\n<p style=\"text-align: center;\">Seppellisciti in me perch\u00e9 io mi seppellisca in Te,<br \/>\nnell&#8217;attesa di poter contemplare nella tua luce l&#8217;abisso della tua grandezza<\/p>\n","protected":false},"excerpt":{"rendered":"<p>Dopo il tempo pasquale, concluso domenica scorsa con la Pentecoste, la Liturgia \u00e8 ritornata al \u201ctempo ordinario\u201d. Ci\u00f2 non vuol dire per\u00f2 che l\u2019impegno dei cristiani debba diminuire, anzi, entrati nella vita divina mediante i Sacramenti, siamo chiamati quotidianamente ad essere aperti all\u2019azione della Grazia, per progredire nell\u2019amore verso Dio e il prossimo. L\u2019odierna domenica [&hellip;]<\/p>\n","protected":false},"author":2,"featured_media":0,"comment_status":"closed","ping_status":"open","sticky":false,"template":"","format":"standard","meta":{"footnotes":""},"categories":[35,19],"tags":[],"class_list":{"0":"post-2661","1":"post","2":"type-post","3":"status-publish","4":"format-standard","6":"category-al-padre-al-figlio-allo-spirito","7":"category-prima-pagina"},"_links":{"self":[{"href":"https:\/\/comunitapastoralecassina.org\/ver2\/wp-json\/wp\/v2\/posts\/2661","targetHints":{"allow":["GET"]}}],"collection":[{"href":"https:\/\/comunitapastoralecassina.org\/ver2\/wp-json\/wp\/v2\/posts"}],"about":[{"href":"https:\/\/comunitapastoralecassina.org\/ver2\/wp-json\/wp\/v2\/types\/post"}],"author":[{"embeddable":true,"href":"https:\/\/comunitapastoralecassina.org\/ver2\/wp-json\/wp\/v2\/users\/2"}],"replies":[{"embeddable":true,"href":"https:\/\/comunitapastoralecassina.org\/ver2\/wp-json\/wp\/v2\/comments?post=2661"}],"version-history":[{"count":8,"href":"https:\/\/comunitapastoralecassina.org\/ver2\/wp-json\/wp\/v2\/posts\/2661\/revisions"}],"predecessor-version":[{"id":5831,"href":"https:\/\/comunitapastoralecassina.org\/ver2\/wp-json\/wp\/v2\/posts\/2661\/revisions\/5831"}],"wp:attachment":[{"href":"https:\/\/comunitapastoralecassina.org\/ver2\/wp-json\/wp\/v2\/media?parent=2661"}],"wp:term":[{"taxonomy":"category","embeddable":true,"href":"https:\/\/comunitapastoralecassina.org\/ver2\/wp-json\/wp\/v2\/categories?post=2661"},{"taxonomy":"post_tag","embeddable":true,"href":"https:\/\/comunitapastoralecassina.org\/ver2\/wp-json\/wp\/v2\/tags?post=2661"}],"curies":[{"name":"wp","href":"https:\/\/api.w.org\/{rel}","templated":true}]}}