{"id":301,"date":"2008-10-19T14:07:18","date_gmt":"2008-10-19T22:07:18","guid":{"rendered":"http:\/\/www.parrocchiasmacassina.org\/?p=301"},"modified":"2013-01-25T21:40:40","modified_gmt":"2013-01-25T20:40:40","slug":"la-madonna-dellaccoglienza","status":"publish","type":"post","link":"https:\/\/comunitapastoralecassina.org\/ver2\/2008\/10\/la-madonna-dellaccoglienza\/","title":{"rendered":"La Madonna dell&#039;Accoglienza"},"content":{"rendered":"<p><em><a href=\"http:\/\/www.parrocchiasmacassina.org\/wp-content\/uploads\/2008\/10\/madonna-accoglienza.jpg\" title=\"Madonna dell\u2019Accoglienza\"><\/a><\/em><em><a href=\"http:\/\/www.parrocchiasmacassina.org\/wp-content\/uploads\/2008\/10\/madonna-accoglienza.jpg\" title=\"Madonna dell\u2019Accoglienza\"><\/p>\n<p style=\"text-align: center\"><img decoding=\"async\" src=\"http:\/\/www.parrocchiasmacassina.org\/wp-content\/uploads\/2008\/10\/madonna-accoglienza.thumbnail.jpg\" alt=\"Madonna dell\u2019Accoglienza\" \/><\/p>\n<p>&#8220;La recente espansione edilizia nel Comune di Cassina de&#8217; Pecchi, con il conseguente aumento degli abitanti<\/p>\n<p><\/a><\/em>, <em>aveva suggerito negli anni scorsi la costruzione di un nuovo centro religioso, comprendente la Chiesa di Santa Maria Ausiliatrice, consacrata il 3 settembre 1976 dal nostro predecessore Cardinale Giovanni Colombo. Ora (&#8230;) riteniamo sia giunto il momento di procedere alla <strong>costituzione di una nuova parrocchia (&#8230;) con il titolo di Santa Maria Ausiliatrice<\/strong>&#8220;.<\/em>Cos\u00ec il decreto del 18 giugno 1986, firmato dal cardinale Arcivescovo Carlo Maria Martini.In quel decennio, alla Scuola Media di Cassina de&#8217; Pecchi, insegnava educazione artistica il prof. Alessandro Nastasio, artista pregevole, autore di parecchie opere a sfondo religioso. Fu suo grande desiderio lasciare alla nuova Comunit\u00e0 di Cassina de&#8217; Pecchi un segno tangibile, che indicasse la sua presenza in loco come insegnante ed artista.<\/p>\n<p>Allora il problema dell&#8217;accoglienza ai nuovi arrivati, numerosi e un po&#8217; disorientati, preoccupava sia il Comune come la Chiesa.<\/p>\n<p>Il professore Nastasio, con intuito profondo, pens\u00f2 ad una grande statua della Madonna, in bronzo, da mettere sul sagrato della chiesa, con il titolo di: &#8220;<strong>Madonna dell&#8217;Accoglienza<\/strong>&#8220;.<\/p>\n<p>Per il volto della Madonna, l&#8217;artista si ispir\u00f2 al volto di sua figlia: un volto con gli occhi socchiusi, per indicare la delicatezza ed il rispetto per ogni singola persona, che dal sagrato entra nella casa del suo Ges\u00f9; le braccia e le mani con le dita allargate e distese, protratte verso il basso; tutto il corpo leggermente inclinato e alle sue spalle, avvolta come in un manto, la luna con i suoi crateri, che richiama la canzoncina:<\/p>\n<p><em>&#8220;T&#8217;incoronano dodici stelle,<br \/>\n<\/em><em>ai tuoi pi\u00e8 piega l&#8217;ali il vento,<a href=\"http:\/\/www.parrocchiasmacassina.org\/wp-content\/uploads\/2008\/10\/madonna-accoglienza.jpg\" title=\"Madonna dell\u2019Accoglienza\"><\/a><br \/>\n<\/em><em>e la luna s&#8217;incurva d&#8217;argento,<br \/>\n<\/em><em>il tuo manto \u00e8 colore del ciel.<\/em><\/p>\n<p><em>Bella tu sei qual sole,<br \/>\n<\/em><em>bianca pi\u00f9 della luna,<br \/>\n<\/em><em>e le stelle pi\u00f9 belle<br \/>\n<\/em><em>non son belle al par di te&#8221;.<\/em><\/p>\n<p>Ecco: la Madonna dell&#8217;Accoglienza.<\/p>\n<p>Io sono tanto grato al professor Alessandro Nastasio, perch\u00e8 mi ha dato l&#8217;occasione di capire sempre meglio la necessit\u00e0 di questa bella virt\u00f9 che \u00e8 l&#8217;accoglienza in un contesto difficile di trasformazione ambientale e di comprensione e condivisione verso tutti gli immigrati.<\/p>\n<p>A dire il vero mi sono un po&#8217; innamorato di questa Madonna, perch\u00e8 tutte le volte che vado in chiesa e passo vicino a lei, le rivolgo un saluto e questa preghiera: <em>&#8220;Madonna dell&#8217;Accoglienza, accogli i tuoi figli che oggi vengono in chiesa per partecipare al sacrificio del tuo Ges\u00f9 (la S. Messa) e che durante la giornata vengono per rimanere un po&#8217; di tempo in Sua compagnia&#8221;.<\/em><\/p>\n<p>Dal sagrato la Madonna accoglie tutti indistintamente per portarli al suo Ges\u00f9 e suggerire: <em>\u00abFate quello che Lui vi dir\u00e0 nell&#8217;intimo del vostro cuore\u00bb.<\/em><\/p>\n<p align=\"right\">A cura di Monsignor Bruno Magnani<\/p>\n","protected":false},"excerpt":{"rendered":"<p>&#8220;La recente espansione edilizia nel Comune di Cassina de&#8217; Pecchi, con il conseguente aumento degli abitanti , aveva suggerito negli anni scorsi la costruzione di un nuovo centro religioso, comprendente la Chiesa di Santa Maria Ausiliatrice, consacrata il 3 settembre 1976 dal nostro predecessore Cardinale Giovanni Colombo. Ora (&#8230;) riteniamo sia giunto il momento di [&hellip;]<\/p>\n","protected":false},"author":2,"featured_media":0,"comment_status":"closed","ping_status":"open","sticky":false,"template":"","format":"standard","meta":{"footnotes":""},"categories":[32],"tags":[],"class_list":{"0":"post-301","1":"post","2":"type-post","3":"status-publish","4":"format-standard","6":"category-resoconti-e-meditazioni"},"_links":{"self":[{"href":"https:\/\/comunitapastoralecassina.org\/ver2\/wp-json\/wp\/v2\/posts\/301","targetHints":{"allow":["GET"]}}],"collection":[{"href":"https:\/\/comunitapastoralecassina.org\/ver2\/wp-json\/wp\/v2\/posts"}],"about":[{"href":"https:\/\/comunitapastoralecassina.org\/ver2\/wp-json\/wp\/v2\/types\/post"}],"author":[{"embeddable":true,"href":"https:\/\/comunitapastoralecassina.org\/ver2\/wp-json\/wp\/v2\/users\/2"}],"replies":[{"embeddable":true,"href":"https:\/\/comunitapastoralecassina.org\/ver2\/wp-json\/wp\/v2\/comments?post=301"}],"version-history":[{"count":1,"href":"https:\/\/comunitapastoralecassina.org\/ver2\/wp-json\/wp\/v2\/posts\/301\/revisions"}],"predecessor-version":[{"id":5228,"href":"https:\/\/comunitapastoralecassina.org\/ver2\/wp-json\/wp\/v2\/posts\/301\/revisions\/5228"}],"wp:attachment":[{"href":"https:\/\/comunitapastoralecassina.org\/ver2\/wp-json\/wp\/v2\/media?parent=301"}],"wp:term":[{"taxonomy":"category","embeddable":true,"href":"https:\/\/comunitapastoralecassina.org\/ver2\/wp-json\/wp\/v2\/categories?post=301"},{"taxonomy":"post_tag","embeddable":true,"href":"https:\/\/comunitapastoralecassina.org\/ver2\/wp-json\/wp\/v2\/tags?post=301"}],"curies":[{"name":"wp","href":"https:\/\/api.w.org\/{rel}","templated":true}]}}