{"id":317,"date":"2008-11-11T12:36:16","date_gmt":"2008-11-11T20:36:16","guid":{"rendered":"http:\/\/www.parrocchiasmacassina.org\/?p=317"},"modified":"2013-01-25T21:40:39","modified_gmt":"2013-01-25T20:40:39","slug":"lamore-ce-o-non-ce","status":"publish","type":"post","link":"https:\/\/comunitapastoralecassina.org\/ver2\/2008\/11\/lamore-ce-o-non-ce\/","title":{"rendered":"L&#039;Amore&#8230; c&#039;\u00e8 o non c&#039;\u00e8?"},"content":{"rendered":"<p>Un giovane, dopo essere uscito da una vita sbagliata, ha scritto:      <em>&#8220;Mi hanno detto che da un ramo secco, pu\u00f2 nascere un frutto. Ed io ci credo.<\/em><\/p>\n<p><em>Mi hanno detto che da una terra arida, pu\u00f2 nascere un fiore. Ed io ci credo.<\/em><\/p>\n<p><em>Mi hanno detto che in una stanza buia, pu\u00f2 entrare un raggio di luce. Ed io ci credo.<\/em><\/p>\n<p><em>Mi hanno detto che il mondo sta morendo per mancanza d&#8217;amore. Ed io non ci credo&#8221;.<\/em><\/p>\n<p>Tu, ci credi o non ci credi?<\/p>\n<p align=\"left\"><strong>Non Posso<\/strong><\/p>\n<p align=\"center\">&nbsp;<\/p>\n<p><em>Non chiedere alla foglia<br \/>\ndi non muoversi;<br \/>\nnon pu\u00f2: c&#8217;\u00e8 il vento.<\/em><\/p>\n<p><em>Non chiedere al sole<br \/>\ndi splendere due giorni;<br \/>\nnon pu\u00f2: c&#8217;\u00e8 la notte!<\/em><\/p>\n<p><em>Non chiedere all&#8217;uomo<br \/>\ndi vivere in eterno;<br \/>\nnon pu\u00f2: c&#8217;\u00e8 la morte!<\/em><\/p>\n<p><em>Non chiedere a me<br \/>\ndi non amarti;<br \/>\nnon posso: Ti Amo!<\/em><\/p>\n<p>Tu, sei arrivato qualche volta a questa conclusione?<\/p>\n<p>Ogni uomo \u00e8 creato ad immagine e somiglianza di Dio; Dio \u00e8 amore e nel cuore di ogni uomo c&#8217;\u00e8 amore. Tutti gli uomini amano, ma il cristiano ama al modo di Ges\u00f9.<\/p>\n<p>L&#8217;amore \u00e8 Lui: quando lava i piedi ai discepoli, quando piange per l&#8217;amico morto, quando esulta per l&#8217;unguento profumato di Maria, quando si rivolge al traditore chiamandolo amico e prega per chi lo uccide e neppure il suo sangue tiene per s\u00e9 e ricomincia dai pi\u00f9 piccoli e dai pi\u00f9 deboli e intende cancellare il concetto stesso di nemico.<\/p>\n<p>Certo impossibile amare quanto Lui, ma possibile seguirne le orme, coglierne il sapore, il lievito, il sale e immetterlo in ogni nostra giornata: <em>come ho fatto io, cos\u00ec anche voi<\/em>.<\/p>\n<p>Cos\u00ec hanno fatto i primi cristiani; cos\u00ec ha fatto <strong>S. Agostino <\/strong>che esprime bene lo Spirito delle Beatitudini in questa bellissima preghiera.<\/p>\n<p align=\"center\"><em>&#8220;Signore, rendimi credibile ma non presuntuoso,<br \/>\nallegro ma non superficiale,<br \/>\nserio ma non disperato,<br \/>\nsevero ma mai cattivo,<br \/>\nforte ma non borioso,<br \/>\nbuono ma non debole,<br \/>\nmisericordioso ma non permissivo.<\/em><\/p>\n<p align=\"center\"><em>Signore, rendimi altruista senza esibizione,<br \/>\npacifico senza falsit\u00e0,<br \/>\nvigile senza fissazioni,<br \/>\nsicuro senza imprudenza,<br \/>\npovero senza miseria,<br \/>\nricco senza avarizia,<br \/>\nprudente senza diffidenza.<\/em><\/p>\n<p align=\"center\"><em>Manda in me un raggio della tua luce,<br \/>\ntogli da me le tenebre dell&#8217;ignoranza&#8221;.<\/em><em> <\/em><\/p>\n<p>L&#8217;amore c&#8217;\u00e8 o non c&#8217;\u00e8?<\/p>\n<p>L&#8217;Amore attende anche la tua testimonianza<\/p>\n<p><em>(<\/em><em>A cura di Monsignor Bruno Magnani)<\/em><\/p>\n","protected":false},"excerpt":{"rendered":"<p>Un giovane, dopo essere uscito da una vita sbagliata, ha scritto: &#8220;Mi hanno detto che da un ramo secco, pu\u00f2 nascere un frutto. Ed io ci credo. Mi hanno detto che da una terra arida, pu\u00f2 nascere un fiore. Ed io ci credo. Mi hanno detto che in una stanza buia, pu\u00f2 entrare un raggio [&hellip;]<\/p>\n","protected":false},"author":2,"featured_media":0,"comment_status":"closed","ping_status":"open","sticky":false,"template":"","format":"standard","meta":{"footnotes":""},"categories":[36,32],"tags":[],"class_list":{"0":"post-317","1":"post","2":"type-post","3":"status-publish","4":"format-standard","6":"category-altre-preghiere","7":"category-resoconti-e-meditazioni"},"_links":{"self":[{"href":"https:\/\/comunitapastoralecassina.org\/ver2\/wp-json\/wp\/v2\/posts\/317","targetHints":{"allow":["GET"]}}],"collection":[{"href":"https:\/\/comunitapastoralecassina.org\/ver2\/wp-json\/wp\/v2\/posts"}],"about":[{"href":"https:\/\/comunitapastoralecassina.org\/ver2\/wp-json\/wp\/v2\/types\/post"}],"author":[{"embeddable":true,"href":"https:\/\/comunitapastoralecassina.org\/ver2\/wp-json\/wp\/v2\/users\/2"}],"replies":[{"embeddable":true,"href":"https:\/\/comunitapastoralecassina.org\/ver2\/wp-json\/wp\/v2\/comments?post=317"}],"version-history":[{"count":1,"href":"https:\/\/comunitapastoralecassina.org\/ver2\/wp-json\/wp\/v2\/posts\/317\/revisions"}],"predecessor-version":[{"id":5224,"href":"https:\/\/comunitapastoralecassina.org\/ver2\/wp-json\/wp\/v2\/posts\/317\/revisions\/5224"}],"wp:attachment":[{"href":"https:\/\/comunitapastoralecassina.org\/ver2\/wp-json\/wp\/v2\/media?parent=317"}],"wp:term":[{"taxonomy":"category","embeddable":true,"href":"https:\/\/comunitapastoralecassina.org\/ver2\/wp-json\/wp\/v2\/categories?post=317"},{"taxonomy":"post_tag","embeddable":true,"href":"https:\/\/comunitapastoralecassina.org\/ver2\/wp-json\/wp\/v2\/tags?post=317"}],"curies":[{"name":"wp","href":"https:\/\/api.w.org\/{rel}","templated":true}]}}