{"id":3843,"date":"2012-06-22T10:30:08","date_gmt":"2012-06-22T08:30:08","guid":{"rendered":"http:\/\/comunitapastoralecassina.org\/ver2\/?p=3843"},"modified":"2013-01-25T22:04:25","modified_gmt":"2013-01-25T21:04:25","slug":"don-stefano-spunti-di-riflessione-di-monsignor-renato-corti","status":"publish","type":"post","link":"https:\/\/comunitapastoralecassina.org\/ver2\/2012\/06\/don-stefano-spunti-di-riflessione-di-monsignor-renato-corti\/","title":{"rendered":"Don Stefano:  Spunti di riflessione di Monsignor Renato Corti"},"content":{"rendered":"<p style=\"text-align: left;\" align=\"center\"><strong>Gioved\u00ec 14 giugno 2012<\/strong>, <strong>in preparazione alla prima S. Messa nella nostra Comunit\u00e0 Pastorale di don Stefano Balossi<\/strong>, era stato invitato il Vescovo emerito Mons. Renato Corti a tenere un incontro di preghiera sulla figura del sacerdote.<\/p>\n<p>Il Vescovo ci ha aiutato a riflettere su quale sia il compito del sacerdote all\u2019interno di una comunit\u00e0 e su quali risposte la comunit\u00e0 dovrebbe dare.<\/p>\n<p>Facendo riferimento alla lettera di S. Paolo ai Corinti (4,1-18) ha voluto sottolineare il \u201c<em>Come figli carissimi<\/em>\u201d e in seguito il \u201c<em>Sacerdote come padre<\/em>\u201d. Anche un sacerdote giovane \u00e8 chiamato ad essere padre; non solo per i ragazzi, per i giovani, ma anche per chi \u00e8 avanti negli anni. Il ministero del sacerdote \u00e8 un\u2019opera di redenzione e ascoltando la predicazione di Paolo i pagani sono entrati a far parte della comunit\u00e0 dei fedeli. \u00c8 necessario allora avere grande rispetto e affetto verso i sacerdoti.<\/p>\n<p>Si \u00e8 poi intrattenuto sul Vangelo di Matteo cap. 25, dove si parla del giudizio finale. Chi si presenter\u00e0 al Padre gli chieder\u00e0 quando mai noi <em>&#8220;abbiamo fatto questo&#8221;.<\/em> Egli ci risponder\u00e0 che <em>tutte le volte che lo abbiamo fatto al pi\u00f9 piccolo dei nostri fratelli, noi l\u2019abbiamo fatto a lui<\/em>. Ed \u00e8 per questo motivo che i sacerdoti diventando ministri entrando cos\u00ec in comunione con Cristo che \u00e8 venuto per servire. Le energie che i sacerdoti danno esprimono la carit\u00e0 pastorale; ed essere educatori della comunit\u00e0 significa essere educatori nella fede.<\/p>\n<p>L\u2019anno pastorale che si sta aprendo \u00e8 stato indetto da papa Benedetto XVI come &#8220;anno della fede&#8221;. La Chiesa deve mettersi in cammino per condurre tutti noi fuori dal deserto dell\u2019indifferenza. Dobbiamo essere testimoni di un incontro profondo con Ges\u00f9, con un\u2019amicizia che si esprima con grande affetto verso il Signore Ges\u00f9.<\/p>\n<p>Successivamente il Vescovo ha trattato il tema della VOCAZIONE. Spetta ai sacerdoti curare che ciascun fedele sia spinto a vivere la fede e la propria vocazione specifica, scrutare nei ragazzi i segni che esprimano quale sia la loro vocazione, in particolare quella al sacerdozio. Anche la preghiera dei genitori sia rivolta ad accettare la volont\u00e0 del Signore per comprendere quale sia la strada pi\u00f9 giusta per i ragazzi. Il sacerdote e i genitori siano continuamente, nei confronti dei giovani e dei figli, seminatori instancabili, senza la pretesa di vedere o raccogliere la messe.<\/p>\n<p>Infine ha parlato di DISCERNIMENTO. Tutti dobbiamo fare delle scelte, ma non \u00e8 semplice capire da che parte andare. Allora \u00e8 necessario stare in ascolto della parola di Dio, pregare, fare attenzione all\u2019inse-gnamento della Chiesa, vivere la fraternit\u00e0, ricercare il confronto e il colloquio con il sacerdote.<\/p>\n<p>Il Vescovo ha concluso il suo intervento con la preghiera del salmo 22: \u201c<em>Il Signore \u00e8 \u00a0il mio pastore, non manco di nulla; anche se vado per valle tenebrosa non temo alcun male, perch\u00e9 tu Signore sei con me<\/em>&#8220;.<\/p>\n<p align=\"right\">\u00a0\u00a0\u00a0\u00a0\u00a0\u00a0\u00a0\u00a0\u00a0\u00a0\u00a0 <em>(A cura di Marino Fabris)<\/em><\/p>\n","protected":false},"excerpt":{"rendered":"<p>Gioved\u00ec 14 giugno 2012, in preparazione alla prima S. Messa nella nostra Comunit\u00e0 Pastorale di don Stefano Balossi, era stato invitato il Vescovo emerito Mons. Renato Corti a tenere un incontro di preghiera sulla figura del sacerdote. Il Vescovo ci ha aiutato a riflettere su quale sia il compito del sacerdote all\u2019interno di una comunit\u00e0 [&hellip;]<\/p>\n","protected":false},"author":2,"featured_media":0,"comment_status":"closed","ping_status":"open","sticky":false,"template":"","format":"standard","meta":{"footnotes":""},"categories":[19],"tags":[],"class_list":{"0":"post-3843","1":"post","2":"type-post","3":"status-publish","4":"format-standard","6":"category-prima-pagina"},"_links":{"self":[{"href":"https:\/\/comunitapastoralecassina.org\/ver2\/wp-json\/wp\/v2\/posts\/3843","targetHints":{"allow":["GET"]}}],"collection":[{"href":"https:\/\/comunitapastoralecassina.org\/ver2\/wp-json\/wp\/v2\/posts"}],"about":[{"href":"https:\/\/comunitapastoralecassina.org\/ver2\/wp-json\/wp\/v2\/types\/post"}],"author":[{"embeddable":true,"href":"https:\/\/comunitapastoralecassina.org\/ver2\/wp-json\/wp\/v2\/users\/2"}],"replies":[{"embeddable":true,"href":"https:\/\/comunitapastoralecassina.org\/ver2\/wp-json\/wp\/v2\/comments?post=3843"}],"version-history":[{"count":10,"href":"https:\/\/comunitapastoralecassina.org\/ver2\/wp-json\/wp\/v2\/posts\/3843\/revisions"}],"predecessor-version":[{"id":5707,"href":"https:\/\/comunitapastoralecassina.org\/ver2\/wp-json\/wp\/v2\/posts\/3843\/revisions\/5707"}],"wp:attachment":[{"href":"https:\/\/comunitapastoralecassina.org\/ver2\/wp-json\/wp\/v2\/media?parent=3843"}],"wp:term":[{"taxonomy":"category","embeddable":true,"href":"https:\/\/comunitapastoralecassina.org\/ver2\/wp-json\/wp\/v2\/categories?post=3843"},{"taxonomy":"post_tag","embeddable":true,"href":"https:\/\/comunitapastoralecassina.org\/ver2\/wp-json\/wp\/v2\/tags?post=3843"}],"curies":[{"name":"wp","href":"https:\/\/api.w.org\/{rel}","templated":true}]}}