{"id":3852,"date":"2012-07-20T12:30:43","date_gmt":"2012-07-20T10:30:43","guid":{"rendered":"http:\/\/comunitapastoralecassina.org\/ver2\/?p=3852"},"modified":"2013-01-25T22:04:24","modified_gmt":"2013-01-25T21:04:24","slug":"festa-di-san-fermo","status":"publish","type":"post","link":"https:\/\/comunitapastoralecassina.org\/ver2\/2012\/07\/festa-di-san-fermo\/","title":{"rendered":"Festa di San Fermo"},"content":{"rendered":"<p><strong>Parrocchia di S. Agata<\/strong><br \/>\n<strong>FESTA DI SAN FERMO<\/strong><br \/>\n<em>31 luglio &#8211; 10 agosto 2012<\/em><\/p>\n<p>Da marted\u00ec 31 luglio &#8211; venerd\u00ec 3 agosto, ore 17.00:<br \/>\nS. Messa, Novena, possibilit\u00e0 di confessioni<\/p>\n<p>Gioved\u00ec 2 agosto<br \/>\nore 17.00-18.30:\u00a0S. Messa, Novena, adorazione per le vocazioni<\/p>\n<p>Domenica 5 agosto<br \/>\nore 8.00 e 10.00: S. Messe<br \/>\nore 17.30: Santo Rosario e Vesperi comunitari<\/p>\n<p>Da luned\u00ec 6 a mercoled\u00ec 8 agosto<br \/>\nore 17.00:\u00a0S. Messa, Novena, possibilit\u00e0 di confessioni<\/p>\n<p>GIOVED\u00cc 9 AGOSTO (festivit\u00e0 di S. Fermo)<br \/>\nore 7.00 e ore 8.30: Sante Messe e confessioni<br \/>\nore 10.00: S. Messa solenne<br \/>\nore 17.30: Adorazione Eucaristica e preghiera per\u00a0tutti gli ammalati<br \/>\nore 18.00: S. Messa<br \/>\nore 20.45: Concerto bandistico<br \/>\nore 22.30: spettacolo pirotecnico<\/p>\n<p>Venerd\u00ec 10 agosto, ore 21: S. Messa per i defunti<\/p>\n","protected":false},"excerpt":{"rendered":"<p>Parrocchia di S. Agata FESTA DI SAN FERMO 31 luglio &#8211; 10 agosto 2012 Da marted\u00ec 31 luglio &#8211; venerd\u00ec 3 agosto, ore 17.00: S. Messa, Novena, possibilit\u00e0 di confessioni Gioved\u00ec 2 agosto ore 17.00-18.30:\u00a0S. Messa, Novena, adorazione per le vocazioni Domenica 5 agosto ore 8.00 e 10.00: S. Messe ore 17.30: Santo Rosario e [&hellip;]<\/p>\n","protected":false},"author":2,"featured_media":0,"comment_status":"closed","ping_status":"open","sticky":false,"template":"","format":"standard","meta":{"footnotes":""},"categories":[23],"tags":[69,68,70,71],"class_list":{"0":"post-3852","1":"post","2":"type-post","3":"status-publish","4":"format-standard","6":"category-avvisi","7":"tag-festa","8":"tag-san-fermo","9":"tag-santagata","10":"tag-santa-agata"},"_links":{"self":[{"href":"https:\/\/comunitapastoralecassina.org\/ver2\/wp-json\/wp\/v2\/posts\/3852","targetHints":{"allow":["GET"]}}],"collection":[{"href":"https:\/\/comunitapastoralecassina.org\/ver2\/wp-json\/wp\/v2\/posts"}],"about":[{"href":"https:\/\/comunitapastoralecassina.org\/ver2\/wp-json\/wp\/v2\/types\/post"}],"author":[{"embeddable":true,"href":"https:\/\/comunitapastoralecassina.org\/ver2\/wp-json\/wp\/v2\/users\/2"}],"replies":[{"embeddable":true,"href":"https:\/\/comunitapastoralecassina.org\/ver2\/wp-json\/wp\/v2\/comments?post=3852"}],"version-history":[{"count":9,"href":"https:\/\/comunitapastoralecassina.org\/ver2\/wp-json\/wp\/v2\/posts\/3852\/revisions"}],"predecessor-version":[{"id":5706,"href":"https:\/\/comunitapastoralecassina.org\/ver2\/wp-json\/wp\/v2\/posts\/3852\/revisions\/5706"}],"wp:attachment":[{"href":"https:\/\/comunitapastoralecassina.org\/ver2\/wp-json\/wp\/v2\/media?parent=3852"}],"wp:term":[{"taxonomy":"category","embeddable":true,"href":"https:\/\/comunitapastoralecassina.org\/ver2\/wp-json\/wp\/v2\/categories?post=3852"},{"taxonomy":"post_tag","embeddable":true,"href":"https:\/\/comunitapastoralecassina.org\/ver2\/wp-json\/wp\/v2\/tags?post=3852"}],"curies":[{"name":"wp","href":"https:\/\/api.w.org\/{rel}","templated":true}]}}