{"id":3885,"date":"2012-08-09T14:44:15","date_gmt":"2012-08-09T12:44:15","guid":{"rendered":"http:\/\/comunitapastoralecassina.org\/ver2\/?p=3885"},"modified":"2013-01-25T22:04:24","modified_gmt":"2013-01-25T21:04:24","slug":"festa-dellassunzione-di-maria-2","status":"publish","type":"post","link":"https:\/\/comunitapastoralecassina.org\/ver2\/2012\/08\/festa-dellassunzione-di-maria-2\/","title":{"rendered":"Festa dell&#8217;Assunzione di Maria"},"content":{"rendered":"<p>Cos\u00ec Pio XII il 1\u00b0 novembre del 1950 definiva il dogma dell\u2019Assunta: \u00ab<em>In tal modo l\u2019augusta Madre di Dio, arcanamente unita a Ges\u00f9 Cristo fin da tutta l\u2019eternit\u00e0 con uno stesso decreto di predestinazione, Immacolata nella sua Concezione, Vergine illibata nella sua divina maternit\u00e0, generosa socia del Divino Redentore, che ha riportato un pieno trionfo sul peccato e sulle sue conseguenze, alla fine, come supremo coronamento dei suoi privilegi, ottenne di essere preservata dalla corruzione del sepolcro e, vinta la morte, come gi\u00e0 il suo Figlio, di essere innalzata in anima e corpo alla gloria del cielo, dove risplende Regina alla destra del Figlio suo, Re immortale dei secoli<\/em>\u00bb.<\/p>\n<p>Per entrare nell&#8217;espressione liturgica di questa grande solennit\u00e0 mariana, ci si pu\u00f2 servire di un\u2019immagine molto bella e suggestiva che, in modo ricorrente, Benedetto XVI usa per illustrare il significato profondo della liturgia della Chiesa: l\u2019immagine del cielo che si affaccia sulla terra e della terra che viene come rapita verso il cielo.<\/p>\n<p>Con il termine \u201ccielo\u201d non si vuole certo fare riferimento a un qualche luogo dell\u2019universo geograficamente posto sopra di noi. Ci riferiamo a una realt\u00e0 molto pi\u00f9 bella e pi\u00f9 grande: a Dio che, nel suo infinito amore per noi, a noi si \u00e8 fatto vicino a tal punto da non abbandonarci neppure dopo la morte. Cos\u00ec quando diciamo \u201ccielo\u201d diciamo il mondo di Dio e della sua eternit\u00e0, il mistero della morte e risurrezione del Signore nel quale, per grazia, siamo introdotti tutti noi.<\/p>\n<p>Afferma Benedetto XVI: \u201c<em>Esistiamo nei pensieri e nell\u2019amore di Dio. Esistiamo in tutta la nostra realt\u00e0, non solo nella nostra \u00abombra\u00bb. La nostra serenit\u00e0, la nostra speranza, la nostra pace si fondano proprio su questo: in Dio, nel suo pensiero e nel suo amore, non sopravvive soltanto un\u2019\u00abombra\u00bb di noi stessi, ma in Lui, nel suo amore creatore, noi siamo custoditi e introdotti con tutta la nostra vita, con tutto il nostro essere nell\u2019eternit\u00e0. E\u2019 il suo amore che vince la morte e ci dona l\u2019eternit\u00e0, ed \u00e8 questo amore che chiamiamo \u00abcielo\u00bb: Dio \u00e8 cos\u00ec grande da avere posto anche per noi. E l\u2019uomo Ges\u00f9, che \u00e8 al tempo stesso Dio, \u00e8 per noi la garanzia che essere-uomo ed essere-Dio possono esistere e vivere eternamente l\u2019uno nell\u2019altro. <\/em><\/p>\n<p><em>Questo vuol dire che di ciascuno di noi non continuer\u00e0 ad esistere solo una parte che ci viene, per cos\u00ec dire, strappata, mentre altre vanno in rovina; vuol dire piuttosto che Dio conosce ed ama tutto l\u2019uomo, ci\u00f2 che noi siamo. E Dio accoglie nella sua eternit\u00e0 ci\u00f2 che ora, nella nostra vita, fatta di sofferenza e amore, di speranza, di gioia e di tristezza, cresce e diviene. Tutto l\u2019uomo, tutta la sua vita viene presa da Dio ed in Lui purificata riceve l\u2019eternit\u00e0. Io penso che questa sia una verit\u00e0 che ci deve riempire di gioia profonda. <\/em><\/p>\n<p><em>Il cristianesimo non annuncia solo una qualche salvezza dell\u2019anima in un impreciso al di l\u00e0, nel quale tutto ci\u00f2 che in questo mondo ci \u00e8 stato prezioso e caro verrebbe cancellato, ma promette la vita eterna, \u00abla vita del mondo che verr\u00e0\u00bb: niente di ci\u00f2 che ci \u00e8 prezioso e caro andr\u00e0 in rovina, ma trover\u00e0 pienezza in Dio<\/em>\u201d.<\/p>\n<p>Si possono considerare tre immagini bibliche per capire di pi\u00f9 perch\u00e9 nella celebrazione dell\u2019Assunta il cielo si affaccia sulla terra e la terra viene rapita verso il cielo.<\/p>\n<p>&#8211; \u201cLa donna vestita di sole\u201d<\/p>\n<p>Si legge nell\u2019Apocalisse: \u201c<em>Un segno grandioso apparve nel cielo: una donna vestita di sole, con la luna sotto i suoi piedi e, sul capo, una corona di dodici stelle<\/em>\u201d.<\/p>\n<p>La donna vestita di sole \u00e8 Colei che \u00e8 stata assunta in cielo in anima e corpo, definitivamente vittoriosa sul peccato e sulla morte. Ricorda S. Paolo: \u201c<em>La morte \u00e8 stata inghiottita nella vittoria: Dov\u2019\u00e8, o morte, la tua vittoria? Dov\u2019\u00e8, o morte, il tuo pungiglione<\/em>?\u201d. Queste parole, espressione di una sfida che \u00e8 ormai vinta, riecheggiano nell\u2019immagine dell\u2019Assunta, per la quale oramai il male e la morte non hanno pi\u00f9 alcuna possibilit\u00e0 di vittoria.<\/p>\n<p>Ci\u00f2 che \u00e8 il \u201cnon\u201d ancora\u201d per noi \u00e8 il \u201cgi\u00e0\u201d di Maria. E la nostra vita ritrova la gioia dell\u2019orientamento verso il cielo, lo slancio per la lotta al peccato e a ogni forma di male.<\/p>\n<p>&#8211; \u201cLa nuova Eva\u201d<\/p>\n<p>Maria, la nuova Eva, primizia e immagine dell\u2019umanit\u00e0 rinnovata dalla salvezza \u00e8 anticipazione di ci\u00f2 che tutti desideriamo e speriamo, pregustazione di quella bellezza perduta e sempre ricercata che \u00e8 la santit\u00e0.<\/p>\n<p>Anche per questo guardare all\u2019Assunta significa ritrovare e accrescere la speranza.<\/p>\n<p>&#8211; \u201cLa benedetta fra le donne\u201d<\/p>\n<p>Quali sono le radici della vittoria sulla morte anticipata in Maria? Il giorno dell&#8217;Assunta il vangelo di Luca proclamata beata la Vergine a motivo della sua fede. \u201c<em>Beata colei che ha creduto nell\u2019adempimento di ci\u00f2 che il Signore le ha detto<\/em>\u201d.<\/p>\n<p>Le radici di quella prodigiosa vittoria stanno proprio nella fede della Vergine Maria. Una fede che \u00e8 obbedienza alla Parola di Dio e abbandono totale all\u2019iniziativa e all\u2019azione divina. Cos\u00ec l\u2019assunzione della Madonna \u00e8 il coronamento della sua fede, di un cammino che introduce gi\u00e0 ora spazi di cielo su questa nostra terra, perch\u00e9 rende la dimora degli uomini un po\u2019 pi\u00f9 simile alla dimora eterna di Dio verso la quale siamo incamminati.<\/p>\n<p>Tutto converge nell\u2019immagine del \u201ccielo\u201d al quale l\u2019Assunzione di Maria in anima e corpo ci rimanda.<\/p>\n","protected":false},"excerpt":{"rendered":"<p>Cos\u00ec Pio XII il 1\u00b0 novembre del 1950 definiva il dogma dell\u2019Assunta: \u00abIn tal modo l\u2019augusta Madre di Dio, arcanamente unita a Ges\u00f9 Cristo fin da tutta l\u2019eternit\u00e0 con uno stesso decreto di predestinazione, Immacolata nella sua Concezione, Vergine illibata nella sua divina maternit\u00e0, generosa socia del Divino Redentore, che ha riportato un pieno trionfo [&hellip;]<\/p>\n","protected":false},"author":2,"featured_media":0,"comment_status":"closed","ping_status":"open","sticky":false,"template":"","format":"standard","meta":{"footnotes":""},"categories":[19],"tags":[],"class_list":{"0":"post-3885","1":"post","2":"type-post","3":"status-publish","4":"format-standard","6":"category-prima-pagina"},"_links":{"self":[{"href":"https:\/\/comunitapastoralecassina.org\/ver2\/wp-json\/wp\/v2\/posts\/3885","targetHints":{"allow":["GET"]}}],"collection":[{"href":"https:\/\/comunitapastoralecassina.org\/ver2\/wp-json\/wp\/v2\/posts"}],"about":[{"href":"https:\/\/comunitapastoralecassina.org\/ver2\/wp-json\/wp\/v2\/types\/post"}],"author":[{"embeddable":true,"href":"https:\/\/comunitapastoralecassina.org\/ver2\/wp-json\/wp\/v2\/users\/2"}],"replies":[{"embeddable":true,"href":"https:\/\/comunitapastoralecassina.org\/ver2\/wp-json\/wp\/v2\/comments?post=3885"}],"version-history":[{"count":10,"href":"https:\/\/comunitapastoralecassina.org\/ver2\/wp-json\/wp\/v2\/posts\/3885\/revisions"}],"predecessor-version":[{"id":5705,"href":"https:\/\/comunitapastoralecassina.org\/ver2\/wp-json\/wp\/v2\/posts\/3885\/revisions\/5705"}],"wp:attachment":[{"href":"https:\/\/comunitapastoralecassina.org\/ver2\/wp-json\/wp\/v2\/media?parent=3885"}],"wp:term":[{"taxonomy":"category","embeddable":true,"href":"https:\/\/comunitapastoralecassina.org\/ver2\/wp-json\/wp\/v2\/categories?post=3885"},{"taxonomy":"post_tag","embeddable":true,"href":"https:\/\/comunitapastoralecassina.org\/ver2\/wp-json\/wp\/v2\/tags?post=3885"}],"curies":[{"name":"wp","href":"https:\/\/api.w.org\/{rel}","templated":true}]}}