{"id":3903,"date":"2012-09-11T09:46:27","date_gmt":"2012-09-11T07:46:27","guid":{"rendered":"http:\/\/comunitapastoralecassina.org\/ver2\/?p=3903"},"modified":"2013-01-25T22:04:23","modified_gmt":"2013-01-25T21:04:23","slug":"direttivo-della-comunita-pastorale","status":"publish","type":"post","link":"https:\/\/comunitapastoralecassina.org\/ver2\/2012\/09\/direttivo-della-comunita-pastorale\/","title":{"rendered":"Direttivo della Comunit\u00e0 Pastorale"},"content":{"rendered":"<p><em>Il Direttivo della Comunit\u00e0 Pastorale \u00e8 l&#8217;organo voluto dall&#8217;Arcivescovo per collaborare in modo pi\u00f9 stretto con il Parroco nel decidere autorevolmente il percorso pastorale (liturgia, preghiera, carit\u00e0, catechesi e formazione, amministrazione dei beni e delle attivit\u00e0, ecc.) di tutta la Comunit\u00e0, in comunione con il Vescovo Diocesano.<\/em><\/p>\n<p><em>Fanno parte del Direttivo della Comunit\u00e0 Pastorale &#8220;Maria Madre della Chiesa&#8221; di Cassina de&#8217; Pecchi: <\/em><br \/>\nRUDELLO don GRAZIANO &#8211; MAGNANI Mons. BRUNO &#8211; BIASSONI don SILVIO Angelo &#8211; MANDELLI don PAOLO &#8211; BALOSSI don STEFANO &#8211; MAGNI Madre CAROLINA &#8211; MARELLI Madre ROSETTA &#8211; CALLEGARO Madre EMMA &#8211; SOLDAVINI Madre ELISA &#8211; DED\u00d2 Moretti MARGHERITA &#8211; CAZZOLA Bassarov PAOLA &#8211; UBERTI FRANCO &#8211; BORSA ANDREA<\/p>\n<p>La prima convocazione del Direttivo per questo anno pastorale \u00e8 prevista per<\/p>\n<p align=\"center\"><strong>GIOVED\u00cc 13 SETTEMBRE<\/strong><strong> 2012, ore 20.30, <\/strong>a Camporicco.<\/p>\n<p>Dopo il momento di preghiera sar\u00e0 trattata la programmazione di massima dell&#8217;anno pastorale 2012-2013 e in seguito sar\u00e0 esaminato il nuovo regolamento per la &#8220;Concessione a terzi di spazi parrocchiali&#8221;.<\/p>\n<p><em>don Graziano<\/em><\/p>\n","protected":false},"excerpt":{"rendered":"<p>Il Direttivo della Comunit\u00e0 Pastorale \u00e8 l&#8217;organo voluto dall&#8217;Arcivescovo per collaborare in modo pi\u00f9 stretto con il Parroco nel decidere autorevolmente il percorso pastorale (liturgia, preghiera, carit\u00e0, catechesi e formazione, amministrazione dei beni e delle attivit\u00e0, ecc.) di tutta la Comunit\u00e0, in comunione con il Vescovo Diocesano. Fanno parte del Direttivo della Comunit\u00e0 Pastorale &#8220;Maria [&hellip;]<\/p>\n","protected":false},"author":2,"featured_media":0,"comment_status":"closed","ping_status":"open","sticky":false,"template":"","format":"standard","meta":{"footnotes":""},"categories":[23],"tags":[],"class_list":{"0":"post-3903","1":"post","2":"type-post","3":"status-publish","4":"format-standard","6":"category-avvisi"},"_links":{"self":[{"href":"https:\/\/comunitapastoralecassina.org\/ver2\/wp-json\/wp\/v2\/posts\/3903","targetHints":{"allow":["GET"]}}],"collection":[{"href":"https:\/\/comunitapastoralecassina.org\/ver2\/wp-json\/wp\/v2\/posts"}],"about":[{"href":"https:\/\/comunitapastoralecassina.org\/ver2\/wp-json\/wp\/v2\/types\/post"}],"author":[{"embeddable":true,"href":"https:\/\/comunitapastoralecassina.org\/ver2\/wp-json\/wp\/v2\/users\/2"}],"replies":[{"embeddable":true,"href":"https:\/\/comunitapastoralecassina.org\/ver2\/wp-json\/wp\/v2\/comments?post=3903"}],"version-history":[{"count":9,"href":"https:\/\/comunitapastoralecassina.org\/ver2\/wp-json\/wp\/v2\/posts\/3903\/revisions"}],"predecessor-version":[{"id":5702,"href":"https:\/\/comunitapastoralecassina.org\/ver2\/wp-json\/wp\/v2\/posts\/3903\/revisions\/5702"}],"wp:attachment":[{"href":"https:\/\/comunitapastoralecassina.org\/ver2\/wp-json\/wp\/v2\/media?parent=3903"}],"wp:term":[{"taxonomy":"category","embeddable":true,"href":"https:\/\/comunitapastoralecassina.org\/ver2\/wp-json\/wp\/v2\/categories?post=3903"},{"taxonomy":"post_tag","embeddable":true,"href":"https:\/\/comunitapastoralecassina.org\/ver2\/wp-json\/wp\/v2\/tags?post=3903"}],"curies":[{"name":"wp","href":"https:\/\/api.w.org\/{rel}","templated":true}]}}