{"id":3907,"date":"2012-09-11T09:48:59","date_gmt":"2012-09-11T07:48:59","guid":{"rendered":"http:\/\/comunitapastoralecassina.org\/ver2\/?p=3907"},"modified":"2013-01-25T22:04:23","modified_gmt":"2013-01-25T21:04:23","slug":"riapre-la-caritas-cittadina-2","status":"publish","type":"post","link":"https:\/\/comunitapastoralecassina.org\/ver2\/2012\/09\/riapre-la-caritas-cittadina-2\/","title":{"rendered":"Riapre la Caritas cittadina"},"content":{"rendered":"<p style=\"text-align: left;\" align=\"center\">Dopo la pausa estiva, con <strong><\/strong><strong>mercoled\u00ec 12 settembre <\/strong>la Caritas Cittadina riprende tutte le sue attivit\u00e0 presso la propria Sede in Parrocchia S. Maria Ausiliatrice, via Cavour 6, con i seguenti orari<strong><\/strong><strong>:<\/strong><\/p>\n<p><strong>CENTRO DI ASCOLTO e Sportello Lavoro: <\/strong>mercoled\u00ec e venerd\u00ec, dalle ore 17.00 alle 19.00.<\/p>\n<p><strong>SERVIZIO GUARDAROBA <\/strong>(distribuzione vestiario e scarpe)<strong>: <\/strong>mercoled\u00ec, dalle ore 16.30 alle 18.00.<\/p>\n<p><strong>SERVIZIO PATRONATO <\/strong>(pratiche INPS, pensionistiche, 730, Unico, ecc.)<strong>: <\/strong>mercoled\u00ec, dalle ore 17.00 alle 18.30.<\/p>\n<p>Mercoled\u00ec 14 settembre riprender\u00e0 anche la distribuzione di vestiario e scarpe ai bisognosi.<\/p>\n","protected":false},"excerpt":{"rendered":"<p>Dopo la pausa estiva, con mercoled\u00ec 12 settembre la Caritas Cittadina riprende tutte le sue attivit\u00e0 presso la propria Sede in Parrocchia S. Maria Ausiliatrice, via Cavour 6, con i seguenti orari: CENTRO DI ASCOLTO e Sportello Lavoro: mercoled\u00ec e venerd\u00ec, dalle ore 17.00 alle 19.00. SERVIZIO GUARDAROBA (distribuzione vestiario e scarpe): mercoled\u00ec, dalle ore [&hellip;]<\/p>\n","protected":false},"author":2,"featured_media":0,"comment_status":"closed","ping_status":"open","sticky":false,"template":"","format":"standard","meta":{"footnotes":""},"categories":[23,24],"tags":[],"class_list":{"0":"post-3907","1":"post","2":"type-post","3":"status-publish","4":"format-standard","6":"category-avvisi","7":"category-caritas-cittadina"},"_links":{"self":[{"href":"https:\/\/comunitapastoralecassina.org\/ver2\/wp-json\/wp\/v2\/posts\/3907","targetHints":{"allow":["GET"]}}],"collection":[{"href":"https:\/\/comunitapastoralecassina.org\/ver2\/wp-json\/wp\/v2\/posts"}],"about":[{"href":"https:\/\/comunitapastoralecassina.org\/ver2\/wp-json\/wp\/v2\/types\/post"}],"author":[{"embeddable":true,"href":"https:\/\/comunitapastoralecassina.org\/ver2\/wp-json\/wp\/v2\/users\/2"}],"replies":[{"embeddable":true,"href":"https:\/\/comunitapastoralecassina.org\/ver2\/wp-json\/wp\/v2\/comments?post=3907"}],"version-history":[{"count":9,"href":"https:\/\/comunitapastoralecassina.org\/ver2\/wp-json\/wp\/v2\/posts\/3907\/revisions"}],"predecessor-version":[{"id":5700,"href":"https:\/\/comunitapastoralecassina.org\/ver2\/wp-json\/wp\/v2\/posts\/3907\/revisions\/5700"}],"wp:attachment":[{"href":"https:\/\/comunitapastoralecassina.org\/ver2\/wp-json\/wp\/v2\/media?parent=3907"}],"wp:term":[{"taxonomy":"category","embeddable":true,"href":"https:\/\/comunitapastoralecassina.org\/ver2\/wp-json\/wp\/v2\/categories?post=3907"},{"taxonomy":"post_tag","embeddable":true,"href":"https:\/\/comunitapastoralecassina.org\/ver2\/wp-json\/wp\/v2\/tags?post=3907"}],"curies":[{"name":"wp","href":"https:\/\/api.w.org\/{rel}","templated":true}]}}