{"id":3909,"date":"2012-09-11T09:50:44","date_gmt":"2012-09-11T07:50:44","guid":{"rendered":"http:\/\/comunitapastoralecassina.org\/ver2\/?p=3909"},"modified":"2013-01-25T22:04:23","modified_gmt":"2013-01-25T21:04:23","slug":"consiglio-pastorale-della-comunita","status":"publish","type":"post","link":"https:\/\/comunitapastoralecassina.org\/ver2\/2012\/09\/consiglio-pastorale-della-comunita\/","title":{"rendered":"Consiglio Pastorale della Comunit\u00e0"},"content":{"rendered":"<p><em>Il Consiglio Pastorale \u00e8 l&#8217;organo eletto dalla Comunit\u00e0, chiamato a collaborare strettamente con il Parroco e il Direttivo nella guida pastorale delle nostre tre Parrocchie che compongono la Comunit\u00e0 Pastorale &#8220;Maria Madre della Chiesa&#8221;. Lo spirito di comunione e collaborazione caratterizza il lavoro del Consiglio nella ricerca del bene di tutta la Comunit\u00e0 attraverso l&#8217;apporto di sacerdoti, religiose, laici. <\/em><\/p>\n<p>Fanno parte del Direttivo del Consiglio della Comunit\u00e0 Pastorale &#8220;Maria Madre della Chiesa&#8221; di Cassina de&#8217; Pecchi per il quadriennio 2011-2015:<\/p>\n<p><strong><em>Consiglieri di diritto<\/em><\/strong>: RUDELLO don GRAZIANO &#8211; BIASSONI don SILVIO Angelo &#8211; MANDELLI don PAOLO &#8211; BALOSSI don STEFANO &#8211; MAGNI Madre CAROLINA &#8211; SOLDAVINI Madre ELISA &#8211; DEDO&#8217; Moretti MARGHERITA &#8211; UBERTI FRANCO<\/p>\n<p><strong><em>Per S. Maria Ausiliatrice<\/em><\/strong>: LONGIERI LUCIANO &#8211; JURINA LORENZO &#8211; MASI Jurina MARINA Maddalena &#8211; LOCATI ENNIO &#8211; GIANOTTI Sangalli MONICA &#8211; SANGALLI VALENTINA<\/p>\n<p><strong><em>Per Nativit\u00e0 di Maria Vergine<\/em><\/strong>: COLOMBO ENRICO &#8211; CASSI Dapelo SIMONETTA Elisa &#8211; BRAMBILLA ANGELO &#8211; GENTILE LORENZO &#8211; MORETTI MARTA<\/p>\n<p><strong><em>Per S. Agata<\/em><\/strong>: VIMERCATI De Ponti FRANCA &#8211; RUGGIERI Fabris MARIA &#8211; GRIECO Lamperti ARCANGELA &#8211; BRAMBILLA VITTORIO &#8211; PENSANTE IGNAZIO Ezio &#8211; TERUZZI Dossi MONICA &#8211; DE SANCTIS MORENA<\/p>\n<p><em>Segretario<\/em>: ANDREOLI Osvaldo<br \/>\nPrima convocazione del Consiglio per l&#8217;anno pastorale 2012-2013<\/p>\n<p align=\"center\"><strong>SABATO 15 SETTEMBRE 2012, ore 9.30, <\/strong>in S. Maria Ausiliatrice<\/p>\n<p>Ordine del giorno:<\/p>\n<p>1) Preghiera dell&#8217;Ora Media<\/p>\n<p>2) Riflessione sulla Lettera Pastorale del nostro Cardinale Arcivescovo Angelo Scola<\/p>\n<p>3) Lavoro di gruppo<\/p>\n<p>4) Esame del nuovo regolamento per la &#8220;Concessione a terzi di spazi parrocchiali&#8221;<\/p>\n<p align=\"right\"><em>don Graziano<\/em><\/p>\n","protected":false},"excerpt":{"rendered":"<p>Il Consiglio Pastorale \u00e8 l&#8217;organo eletto dalla Comunit\u00e0, chiamato a collaborare strettamente con il Parroco e il Direttivo nella guida pastorale delle nostre tre Parrocchie che compongono la Comunit\u00e0 Pastorale &#8220;Maria Madre della Chiesa&#8221;. Lo spirito di comunione e collaborazione caratterizza il lavoro del Consiglio nella ricerca del bene di tutta la Comunit\u00e0 attraverso l&#8217;apporto [&hellip;]<\/p>\n","protected":false},"author":2,"featured_media":0,"comment_status":"closed","ping_status":"open","sticky":false,"template":"","format":"standard","meta":{"footnotes":""},"categories":[23],"tags":[],"class_list":{"0":"post-3909","1":"post","2":"type-post","3":"status-publish","4":"format-standard","6":"category-avvisi"},"_links":{"self":[{"href":"https:\/\/comunitapastoralecassina.org\/ver2\/wp-json\/wp\/v2\/posts\/3909","targetHints":{"allow":["GET"]}}],"collection":[{"href":"https:\/\/comunitapastoralecassina.org\/ver2\/wp-json\/wp\/v2\/posts"}],"about":[{"href":"https:\/\/comunitapastoralecassina.org\/ver2\/wp-json\/wp\/v2\/types\/post"}],"author":[{"embeddable":true,"href":"https:\/\/comunitapastoralecassina.org\/ver2\/wp-json\/wp\/v2\/users\/2"}],"replies":[{"embeddable":true,"href":"https:\/\/comunitapastoralecassina.org\/ver2\/wp-json\/wp\/v2\/comments?post=3909"}],"version-history":[{"count":10,"href":"https:\/\/comunitapastoralecassina.org\/ver2\/wp-json\/wp\/v2\/posts\/3909\/revisions"}],"predecessor-version":[{"id":5699,"href":"https:\/\/comunitapastoralecassina.org\/ver2\/wp-json\/wp\/v2\/posts\/3909\/revisions\/5699"}],"wp:attachment":[{"href":"https:\/\/comunitapastoralecassina.org\/ver2\/wp-json\/wp\/v2\/media?parent=3909"}],"wp:term":[{"taxonomy":"category","embeddable":true,"href":"https:\/\/comunitapastoralecassina.org\/ver2\/wp-json\/wp\/v2\/categories?post=3909"},{"taxonomy":"post_tag","embeddable":true,"href":"https:\/\/comunitapastoralecassina.org\/ver2\/wp-json\/wp\/v2\/tags?post=3909"}],"curies":[{"name":"wp","href":"https:\/\/api.w.org\/{rel}","templated":true}]}}