{"id":3929,"date":"2012-10-05T13:57:03","date_gmt":"2012-10-05T11:57:03","guid":{"rendered":"http:\/\/comunitapastoralecassina.org\/ver2\/?p=3929"},"modified":"2013-01-25T22:04:21","modified_gmt":"2013-01-25T21:04:21","slug":"ottobre-missionario-2","status":"publish","type":"post","link":"https:\/\/comunitapastoralecassina.org\/ver2\/2012\/10\/ottobre-missionario-2\/","title":{"rendered":"OTTOBRE MISSIONARIO"},"content":{"rendered":"<h1 align=\"center\"><strong><em>&#8220;Ho creduto perci\u00f2 ho parlato&#8221;<\/em><\/strong><\/h1>\n<p>L&#8217;Anno della Fede che il Papa inaugura in occasione del 50\u00b0 anniversario dell&#8217;apertura del Concilio Vaticano II (11\/10\/1962) ricorre proprio nel cuore dell&#8217;ottobre missionario ed \u00e8 riferimento prezioso anche per chi si occupa di missione. Infatti il rinnovamento della coscienza missionaria che il Concilio ha promosso nelle Chiese locali e nel cuore di ogni battezzato s&#8217;intreccia con la fede, dono che caratterizza il percorso di ogni cristiano e ne costituisce l&#8217;identit\u00e0 profonda. Questo intreccio di fede e missione richiama un unico modo di vivere: chi accoglie in s\u00e8 la relazione costitutiva con Cristo non pu\u00f2 che comunicarla. L&#8217;autentico cammino della fede non si esaurisce in vicende individuali o in solitarie vette di spiritualit\u00e0, ma ha la sua conseguenza nell&#8217;annuncio e nella testimonianza: la missione svela che la fede \u00e8 vera. La fede si rafforza donandola e ci spinge ad essere missionari, al punto che la &#8220;<em>perdita di vitalit\u00e0 nella spinta missionaria \u00e8 sintomo di una crisi di fede<\/em>&#8221; (Giovanni Paolo II).<\/p>\n<p align=\"center\"><strong>Domenica 21 ottobre, tema: la carit\u00e0<\/strong><strong><\/strong><\/p>\n<p><em>&#8220;Da questo tutti sapranno che siete miei discepoli, se avete amore gli uni per gli altri&#8221; (Gv 13,35). <\/em><\/p>\n<p>Il dono della fede \u00e8 realmente vissuto se si realizza nella carit\u00e0, condividendo l&#8217;amore ricevuto da Cristo con il mondo intero, specie con quanti ancora non lo conoscono.<\/p>\n<p>\u00a0<strong>Preghiera<\/strong>: <em>&#8220;Ho creduto perci\u00f2 ho parlato&#8221;. La fede in Ges\u00f9 ci chiama a farci testimoni viventi del suo amore, ad annunciarlo senza timore. Chiediamo al Signore di crescere come fratelli e sorelle e, in ogni circostanza, di rimanere saldi nel dono che abbiamo accolto<\/em><\/p>\n<p align=\"center\"><strong>Domenica 14 ottobre, tema: la responsabilit\u00e0<\/strong><\/p>\n<p><em>&#8220;Annunciare il Vangelo non \u00e8 per me un vanto, perch\u00e8 \u00e8 una necessit\u00e0 che mi si impone&#8221; (1Cor 9, 16). <\/em><\/p>\n<p>Siamo responsabili del dono della fede in Ges\u00f9 Cristo, chiamati a viverla e ad annunciarla con gioia e consapevolezza.<\/p>\n<p><strong>Intenzione<\/strong>: <em>Per noi che viviamo qui la missione, perch\u00e8 sentiamo la responsabilit\u00e0 di aiutare ogni fedele a compiere scelte di vita cristiana, attraverso una nostra coerente testimonianza evangelica.<\/em><\/p>\n<p align=\"center\"><strong>Domenica 7 ottobre, tema: la vocazione<\/strong><\/p>\n<p><em>&#8220;Considerate, fratelli la vostra chiamata&#8221; (1Cor 1, 26) <\/em>tutta la creazione \u00e8 chiamata alla comunione d&#8217;amore con Dio in Ges\u00f9 Cristo, unico Salvatore del mondo.<\/p>\n<p><strong>Intenzione<\/strong>: <em>Per noi che viviamo qui la missione, perch\u00e8 accogliamo con gioia la chiamata a donare la nostra vita per gli altri.<\/em><\/p>\n<p>&nbsp;<\/p>\n<h1 align=\"center\"><strong>Gruppo <\/strong><strong>RAGAZZI MISSIONARI<\/strong><\/h1>\n<p>Nella nostra Comunit\u00e0 Pastorale esiste il <em>Gruppo Ragazzi Missionari<\/em> composto da ragazzi dalla 5<sup>a <\/sup>elementare alla 3<sup>a<\/sup> media, sensibili e attenti, che desiderano capire, vivere e conoscere il mondo, i popoli della Terra; che desiderano imparare ad allargare il proprio cuore per accogliere Ges\u00f9, annunciarlo e servirlo nei fratelli pi\u00f9 poveri e bisognosi, ed insieme riflettere e pregare per i ragazzi che vivono in tutti i continenti.<\/p>\n<p>Ci attendono tante attivit\u00e0: riflessioni, preghiera, testimonianza, film, giochi&#8230;e tante altre sorprese!<\/p>\n<p align=\"center\"><strong>GLI INCONTRI<\/strong><\/p>\n<p>Gli incontri si tengono <strong><span style=\"text-decoration: underline;\">un VENERD\u00cc al mese<\/span><\/strong> <strong><span style=\"text-decoration: underline;\">nell&#8217;oratorio di S. AGATA<\/span><\/strong>, dalle ore 17.30 fino alle ore 20.30 (compresa la cena insieme).<\/p>\n<p>Queste le date degli incontri per questo anno pastorale:<\/p>\n<p>26 ottobre 2012\u00a0\u00a0\u00a0\u00a0\u00a0\u00a0\u00a0\u00a0\u00a0<\/p>\n<p>30 novembre 2012<\/p>\n<p>6 gennaio 2013 <em>(Giornata della S. Infanzia)<\/em><\/p>\n<p>13 gennaio 2013 <em>(uscita con le famiglie)<\/em><\/p>\n<p>8 febbraio 2013<\/p>\n<p>15 marzo 2013<\/p>\n<p>14 aprile 2013\u00a0<\/p>\n<p align=\"center\"><strong>PER CHI DESIDERA <\/strong><strong>ADERIRE AL GRUPPO<\/strong><\/p>\n<p>Tutti coloro che desiderano unirsi al Gruppo possono ritirare in Oratorio il modulo di adesione e consegnarlo compilato a madre Elisa o in Segreteria Oratorio S. Domenico Savio oppure ad Antonella a S. Agata <strong><span style=\"text-decoration: underline;\">entro e non oltre il 23 ottobre<\/span><\/strong>.<\/p>\n","protected":false},"excerpt":{"rendered":"<p>&#8220;Ho creduto perci\u00f2 ho parlato&#8221; L&#8217;Anno della Fede che il Papa inaugura in occasione del 50\u00b0 anniversario dell&#8217;apertura del Concilio Vaticano II (11\/10\/1962) ricorre proprio nel cuore dell&#8217;ottobre missionario ed \u00e8 riferimento prezioso anche per chi si occupa di missione. Infatti il rinnovamento della coscienza missionaria che il Concilio ha promosso nelle Chiese locali e [&hellip;]<\/p>\n","protected":false},"author":2,"featured_media":0,"comment_status":"closed","ping_status":"open","sticky":false,"template":"","format":"standard","meta":{"footnotes":""},"categories":[20],"tags":[],"class_list":{"0":"post-3929","1":"post","2":"type-post","3":"status-publish","4":"format-standard","6":"category-missioni"},"_links":{"self":[{"href":"https:\/\/comunitapastoralecassina.org\/ver2\/wp-json\/wp\/v2\/posts\/3929","targetHints":{"allow":["GET"]}}],"collection":[{"href":"https:\/\/comunitapastoralecassina.org\/ver2\/wp-json\/wp\/v2\/posts"}],"about":[{"href":"https:\/\/comunitapastoralecassina.org\/ver2\/wp-json\/wp\/v2\/types\/post"}],"author":[{"embeddable":true,"href":"https:\/\/comunitapastoralecassina.org\/ver2\/wp-json\/wp\/v2\/users\/2"}],"replies":[{"embeddable":true,"href":"https:\/\/comunitapastoralecassina.org\/ver2\/wp-json\/wp\/v2\/comments?post=3929"}],"version-history":[{"count":13,"href":"https:\/\/comunitapastoralecassina.org\/ver2\/wp-json\/wp\/v2\/posts\/3929\/revisions"}],"predecessor-version":[{"id":5694,"href":"https:\/\/comunitapastoralecassina.org\/ver2\/wp-json\/wp\/v2\/posts\/3929\/revisions\/5694"}],"wp:attachment":[{"href":"https:\/\/comunitapastoralecassina.org\/ver2\/wp-json\/wp\/v2\/media?parent=3929"}],"wp:term":[{"taxonomy":"category","embeddable":true,"href":"https:\/\/comunitapastoralecassina.org\/ver2\/wp-json\/wp\/v2\/categories?post=3929"},{"taxonomy":"post_tag","embeddable":true,"href":"https:\/\/comunitapastoralecassina.org\/ver2\/wp-json\/wp\/v2\/tags?post=3929"}],"curies":[{"name":"wp","href":"https:\/\/api.w.org\/{rel}","templated":true}]}}