{"id":3956,"date":"2012-10-17T12:14:50","date_gmt":"2012-10-17T10:14:50","guid":{"rendered":"http:\/\/comunitapastoralecassina.org\/ver2\/?p=3956"},"modified":"2013-01-25T22:04:20","modified_gmt":"2013-01-25T21:04:20","slug":"20122013-anno-della-fede","status":"publish","type":"post","link":"https:\/\/comunitapastoralecassina.org\/ver2\/2012\/10\/20122013-anno-della-fede\/","title":{"rendered":"2012\/2013: ANNO DELLA FEDE"},"content":{"rendered":"<p style=\"text-align: left;\" align=\"center\">A partire da questo mese di ottobre 2012 inizia un tempo di particolare riflessione: Benedetto XVI ha indetto un &#8220;anno della fede&#8221;, con l&#8217;intento di favorire una sempre pi\u00f9 piena conversione a Dio, per rafforzare la nostra fede in Lui e per annunciarlo con gioia all&#8217;uomo del nostro tempo. Ha chiesto ad ogni Diocesi di riflettere sul <em>Credo. <\/em>Non basta recitarlo, bisogna conoscerlo e comprenderlo nella sua profondit\u00e0. Perch\u00e8 il <em>Credo<\/em> esprime gli articoli fondamentali della fede, che sono comuni a tutti i cristiani e che corrispondono alle promesse battesimali.<\/p>\n<p align=\"center\"><strong>* * * <\/strong><\/p>\n<p><strong>Il Credo <\/strong>\u00e8 la preghiera quotidiana proposta perch\u00e9 l&#8217;Anno della Fede possa condurre tutti i credenti a imparare a memoria il Credo, a recitarlo ogni giorno, cos\u00ec che il respiro si accordi con la fede. Con il cuore si crede per ottenere la giustizia e con la bocca si fa la professione di fede per avere la salvezza.<\/p>\n<p>\u00a0<strong>\u00a0<\/strong><\/p>\n<p align=\"center\"><strong>CREDO<\/strong><strong> <em>(Simbolo Apostolico)<br \/>\n<\/em>La preghiera della professione di Fede recitata dai primi Cristiani<\/strong><\/p>\n<p align=\"center\"><em>Io credo in Dio, Padre onnipotente,<br \/>\n<\/em><em>creatore del cielo e della terra;<br \/>\n<\/em><em>e in Ges\u00f9 Cristo, suo unico Figlio,<br \/>\n<\/em><em>nostro Signore, il quale fu concepito di Spirito Santo,<br \/>\n<\/em><em>nacque da Maria Vergine, pat\u00ec sotto Ponzio Pilato,<br \/>\n<\/em><em>fu crocifisso, mor\u00ec e fu sepolto; discese agli inferi;<br \/>\n<\/em><em>il terzo giorno risuscit\u00f2 da morte; sal\u00ec al cielo,<br \/>\n<\/em><em>siede alla destra di Dio Padre onnipotente;<br \/>\n<\/em><em>di l\u00e0 verr\u00e0 a giudicare i vivi e i morti.<\/em><\/p>\n<p align=\"center\"><em>Credo nello Spirito Santo,<br \/>\n<\/em><em>la santa Chiesa cattolica, la comunione dei santi,<br \/>\n<\/em><em>la remissione dei peccati,<br \/>\n<\/em><em>la risurrezione della carne,<br \/>\n<\/em><em>la vita eterna.<\/em><\/p>\n<p align=\"center\"><em>Amen.<\/em><\/p>\n","protected":false},"excerpt":{"rendered":"<p>A partire da questo mese di ottobre 2012 inizia un tempo di particolare riflessione: Benedetto XVI ha indetto un &#8220;anno della fede&#8221;, con l&#8217;intento di favorire una sempre pi\u00f9 piena conversione a Dio, per rafforzare la nostra fede in Lui e per annunciarlo con gioia all&#8217;uomo del nostro tempo. Ha chiesto ad ogni Diocesi di [&hellip;]<\/p>\n","protected":false},"author":2,"featured_media":0,"comment_status":"closed","ping_status":"open","sticky":false,"template":"","format":"standard","meta":{"footnotes":""},"categories":[19],"tags":[],"class_list":{"0":"post-3956","1":"post","2":"type-post","3":"status-publish","4":"format-standard","6":"category-prima-pagina"},"_links":{"self":[{"href":"https:\/\/comunitapastoralecassina.org\/ver2\/wp-json\/wp\/v2\/posts\/3956","targetHints":{"allow":["GET"]}}],"collection":[{"href":"https:\/\/comunitapastoralecassina.org\/ver2\/wp-json\/wp\/v2\/posts"}],"about":[{"href":"https:\/\/comunitapastoralecassina.org\/ver2\/wp-json\/wp\/v2\/types\/post"}],"author":[{"embeddable":true,"href":"https:\/\/comunitapastoralecassina.org\/ver2\/wp-json\/wp\/v2\/users\/2"}],"replies":[{"embeddable":true,"href":"https:\/\/comunitapastoralecassina.org\/ver2\/wp-json\/wp\/v2\/comments?post=3956"}],"version-history":[{"count":9,"href":"https:\/\/comunitapastoralecassina.org\/ver2\/wp-json\/wp\/v2\/posts\/3956\/revisions"}],"predecessor-version":[{"id":5688,"href":"https:\/\/comunitapastoralecassina.org\/ver2\/wp-json\/wp\/v2\/posts\/3956\/revisions\/5688"}],"wp:attachment":[{"href":"https:\/\/comunitapastoralecassina.org\/ver2\/wp-json\/wp\/v2\/media?parent=3956"}],"wp:term":[{"taxonomy":"category","embeddable":true,"href":"https:\/\/comunitapastoralecassina.org\/ver2\/wp-json\/wp\/v2\/categories?post=3956"},{"taxonomy":"post_tag","embeddable":true,"href":"https:\/\/comunitapastoralecassina.org\/ver2\/wp-json\/wp\/v2\/tags?post=3956"}],"curies":[{"name":"wp","href":"https:\/\/api.w.org\/{rel}","templated":true}]}}