{"id":3966,"date":"2012-10-26T13:16:32","date_gmt":"2012-10-26T11:16:32","guid":{"rendered":"http:\/\/comunitapastoralecassina.org\/ver2\/?p=3966"},"modified":"2013-01-25T22:04:20","modified_gmt":"2013-01-25T21:04:20","slug":"domenica-28-ottobre-giornata-missionaria-mondiale","status":"publish","type":"post","link":"https:\/\/comunitapastoralecassina.org\/ver2\/2012\/10\/domenica-28-ottobre-giornata-missionaria-mondiale\/","title":{"rendered":"DOMENICA 28 ottobre : GIORNATA MISSIONARIA MONDIALE"},"content":{"rendered":"<h2>\u00a0<strong>&#8220;Chiamati a far risplendere la Parola di verit\u00e0&#8221;. <\/strong><\/h2>\n<p>Affermava Giovanni Paolo II: \u00abNon possiamo restarcene tranquilli, pensando ai milioni di nostri fratelli e sorelle, anch&#8217;essi redenti dal sangue di Cristo, che vivono ignari dell&#8217;amore di Dio\u00bb.<\/p>\n<p>Anch&#8217;io, nell&#8217;indire l&#8217;Anno della Fede ho scritto che Cristo, oggi come allora, ci invia per le strade del mondo per proclamare il suo Vangelo a tutti i popoli della terra.<\/p>\n<p>Proclamazione che non \u00e8 per la Chiesa un contributo facoltativo: \u00e8 il dovere che le incombe per mandato del Signore Ges\u00f9, affinch\u00e8 gli uomini possano credere ed essere salvati.<\/p>\n<p>Abbiamo quindi bisogno di riprendere lo stesso slancio apostolico delle prime comunit\u00e0 cristiane, che, piccole e indifese, furono capaci, con l&#8217;annuncio e la testimonianza, di diffondere il Vangelo in tutto il mondo allora conosciuto.<\/p>\n<p>Uno degli ostacoli allo slancio dell&#8217;evangelizzazione \u00e8 la crisi di fede, non solo del mondo occidentale, ma di gran parte dell&#8217;umanit\u00e0, che pure ha fame e sete di Dio e deve essere invitata e condotta al pane di vita e all&#8217;acqua viva, come la Samaritana che si reca al pozzo di Giacobbe e dialoga con Cristo.<\/p>\n<p>La donna, che all&#8217;inizio non capisce, lentamente \u00e8 condotta dal Signore a compiere un cammino di fede che la porta a riconoscerlo come Messia.<\/p>\n<p>L&#8217;incontro con Cristo come persona viva che colma la sete del cuore non pu\u00f2 che portare al desiderio di condividere con altri la gioia di questa presenza e di farlo conoscere perch\u00e8 tutti la possano sperimentare.<\/p>\n<p>La fede in Dio \u00e8 anzitutto un dono e un mistero da accogliere nel cuore e nella vita e di cui ringraziare sempre il Signore. Ma la fede \u00e8 un dono che ci \u00e8 dato perch\u00e8 sia condiviso; \u00e8 un talento ricevuto perch\u00e8 porti frutto; \u00e8 una luce che non deve rimanere nascosta, ma illuminare tutta la casa<em>.\u00a0\u00a0\u00a0\u00a0\u00a0\u00a0\u00a0\u00a0\u00a0\u00a0\u00a0\u00a0\u00a0\u00a0 <\/em><\/p>\n<p><em>\u00a0<\/em><\/p>\n<p><em>(Papa Benedetto XVI) <\/em><\/p>\n","protected":false},"excerpt":{"rendered":"<p>\u00a0&#8220;Chiamati a far risplendere la Parola di verit\u00e0&#8221;. Affermava Giovanni Paolo II: \u00abNon possiamo restarcene tranquilli, pensando ai milioni di nostri fratelli e sorelle, anch&#8217;essi redenti dal sangue di Cristo, che vivono ignari dell&#8217;amore di Dio\u00bb. Anch&#8217;io, nell&#8217;indire l&#8217;Anno della Fede ho scritto che Cristo, oggi come allora, ci invia per le strade del mondo [&hellip;]<\/p>\n","protected":false},"author":2,"featured_media":0,"comment_status":"closed","ping_status":"open","sticky":false,"template":"","format":"standard","meta":{"footnotes":""},"categories":[19],"tags":[],"class_list":{"0":"post-3966","1":"post","2":"type-post","3":"status-publish","4":"format-standard","6":"category-prima-pagina"},"_links":{"self":[{"href":"https:\/\/comunitapastoralecassina.org\/ver2\/wp-json\/wp\/v2\/posts\/3966","targetHints":{"allow":["GET"]}}],"collection":[{"href":"https:\/\/comunitapastoralecassina.org\/ver2\/wp-json\/wp\/v2\/posts"}],"about":[{"href":"https:\/\/comunitapastoralecassina.org\/ver2\/wp-json\/wp\/v2\/types\/post"}],"author":[{"embeddable":true,"href":"https:\/\/comunitapastoralecassina.org\/ver2\/wp-json\/wp\/v2\/users\/2"}],"replies":[{"embeddable":true,"href":"https:\/\/comunitapastoralecassina.org\/ver2\/wp-json\/wp\/v2\/comments?post=3966"}],"version-history":[{"count":11,"href":"https:\/\/comunitapastoralecassina.org\/ver2\/wp-json\/wp\/v2\/posts\/3966\/revisions"}],"predecessor-version":[{"id":5685,"href":"https:\/\/comunitapastoralecassina.org\/ver2\/wp-json\/wp\/v2\/posts\/3966\/revisions\/5685"}],"wp:attachment":[{"href":"https:\/\/comunitapastoralecassina.org\/ver2\/wp-json\/wp\/v2\/media?parent=3966"}],"wp:term":[{"taxonomy":"category","embeddable":true,"href":"https:\/\/comunitapastoralecassina.org\/ver2\/wp-json\/wp\/v2\/categories?post=3966"},{"taxonomy":"post_tag","embeddable":true,"href":"https:\/\/comunitapastoralecassina.org\/ver2\/wp-json\/wp\/v2\/tags?post=3966"}],"curies":[{"name":"wp","href":"https:\/\/api.w.org\/{rel}","templated":true}]}}