{"id":3983,"date":"2012-11-09T11:45:56","date_gmt":"2012-11-09T10:45:56","guid":{"rendered":"http:\/\/comunitapastoralecassina.org\/ver2\/?p=3983"},"modified":"2013-01-25T22:04:19","modified_gmt":"2013-01-25T21:04:19","slug":"catechesi-giovani-e-adulti","status":"publish","type":"post","link":"https:\/\/comunitapastoralecassina.org\/ver2\/2012\/11\/catechesi-giovani-e-adulti\/","title":{"rendered":"Catechesi giovani e adulti"},"content":{"rendered":"<h2 align=\"center\">&#8220;<em>La tua fede ti ha salvato&#8221;<\/em><em><\/em><\/h2>\n<p>Nell&#8217;ambito dell&#8217;Anno della Fede indetto da Benedetto XVI in occasione del 50\u00b0 anniversario dell&#8217;apertura del Concilio Vaticano II, la nostra Comunit\u00e0 Pastorale propone un itinerario di catechesi per gli adulti e i giovani over 30 che ci condurr\u00e0 a rispondere alla domanda &#8220;Chi \u00e8 il Signore per me?&#8221;.<\/p>\n<p>Ci saranno sette incontri nei quali, con l&#8217;ausilio del testo guida proposto dalla Diocesi di Milano &#8220;<strong><em>La tua fede ti ha salvato<\/em><\/strong>&#8220;, leggeremo e mediteremo insieme il Vangelo di Marco.<\/p>\n<p>I primi tre incontri si terranno nelle domeniche di Avvento a partire da DOMENICA 18 NOVEMBRE. Possono essere un&#8217;ottima preparazione alla celebrazione del mistero del Santo Natale.<\/p>\n<p>Gli incontri si terranno alla domenica ore 16.00 <strong>a S. Agata (in casa parrocchiale),<\/strong> <strong>a Nativit\u00e0 di Maria Vergine (nel salone dell&#8217;Oratorio), <\/strong>al mercoled\u00ec ore 21.00 <strong>a<\/strong> <strong>S. Maria Ausiliatrice (in Oratorio S. Domenico Savio)<\/strong>.<\/p>\n<p>\u25ba Primo incontro: <strong>Domenica 18 <\/strong>e <strong>mercoled\u00ec 21 novembre 2012: <\/strong><em>&#8220;Credete al vangelo!&#8221; (Mc 1, 14-15)<\/em><\/p>\n<p>\u25ba Secondo incontro: <strong>Domenica 25 <\/strong>e <strong>mercoled\u00ec 28 novembre 2012: <\/strong><em>&#8220;La guarigione del paralitico&#8221; (Mc 2, 1-13)<\/em><\/p>\n<p>\u25baTerzo incontro: <strong>Domenica 2 <\/strong>e <strong>mercoled\u00ec 5 dicembre 2012: <\/strong><em>&#8220;La tempesta sedata&#8221;<\/em> <em>(Mc 4, 35-41)<\/em><\/p>\n","protected":false},"excerpt":{"rendered":"<p>&#8220;La tua fede ti ha salvato&#8221; Nell&#8217;ambito dell&#8217;Anno della Fede indetto da Benedetto XVI in occasione del 50\u00b0 anniversario dell&#8217;apertura del Concilio Vaticano II, la nostra Comunit\u00e0 Pastorale propone un itinerario di catechesi per gli adulti e i giovani over 30 che ci condurr\u00e0 a rispondere alla domanda &#8220;Chi \u00e8 il Signore per me?&#8221;. Ci [&hellip;]<\/p>\n","protected":false},"author":2,"featured_media":0,"comment_status":"closed","ping_status":"open","sticky":false,"template":"","format":"standard","meta":{"footnotes":""},"categories":[23,42],"tags":[],"class_list":{"0":"post-3983","1":"post","2":"type-post","3":"status-publish","4":"format-standard","6":"category-avvisi","7":"category-catechesi"},"_links":{"self":[{"href":"https:\/\/comunitapastoralecassina.org\/ver2\/wp-json\/wp\/v2\/posts\/3983","targetHints":{"allow":["GET"]}}],"collection":[{"href":"https:\/\/comunitapastoralecassina.org\/ver2\/wp-json\/wp\/v2\/posts"}],"about":[{"href":"https:\/\/comunitapastoralecassina.org\/ver2\/wp-json\/wp\/v2\/types\/post"}],"author":[{"embeddable":true,"href":"https:\/\/comunitapastoralecassina.org\/ver2\/wp-json\/wp\/v2\/users\/2"}],"replies":[{"embeddable":true,"href":"https:\/\/comunitapastoralecassina.org\/ver2\/wp-json\/wp\/v2\/comments?post=3983"}],"version-history":[{"count":11,"href":"https:\/\/comunitapastoralecassina.org\/ver2\/wp-json\/wp\/v2\/posts\/3983\/revisions"}],"predecessor-version":[{"id":5682,"href":"https:\/\/comunitapastoralecassina.org\/ver2\/wp-json\/wp\/v2\/posts\/3983\/revisions\/5682"}],"wp:attachment":[{"href":"https:\/\/comunitapastoralecassina.org\/ver2\/wp-json\/wp\/v2\/media?parent=3983"}],"wp:term":[{"taxonomy":"category","embeddable":true,"href":"https:\/\/comunitapastoralecassina.org\/ver2\/wp-json\/wp\/v2\/categories?post=3983"},{"taxonomy":"post_tag","embeddable":true,"href":"https:\/\/comunitapastoralecassina.org\/ver2\/wp-json\/wp\/v2\/tags?post=3983"}],"curies":[{"name":"wp","href":"https:\/\/api.w.org\/{rel}","templated":true}]}}