{"id":3998,"date":"2012-11-20T17:14:59","date_gmt":"2012-11-20T16:14:59","guid":{"rendered":"http:\/\/comunitapastoralecassina.org\/ver2\/?p=3998"},"modified":"2013-01-25T22:04:19","modified_gmt":"2013-01-25T21:04:19","slug":"caritas-cittadina-inizio-del-nuovo-anno-e-resoconto","status":"publish","type":"post","link":"https:\/\/comunitapastoralecassina.org\/ver2\/2012\/11\/caritas-cittadina-inizio-del-nuovo-anno-e-resoconto\/","title":{"rendered":"Caritas cittadina: Inizio del nuovo anno e resoconto"},"content":{"rendered":"<p align=\"center\"><strong>Comunit\u00e0 Pastorale \u201cMaria Madre della Chiesa\u201d<br \/>\n<\/strong><strong>Caritas Cittadina<br \/>\n<\/strong>Cassina de\u2019 Pecchi<\/p>\n<p align=\"center\"><strong>Giornata Diocesana Caritas 2012<\/strong><\/p>\n<p>\u00a0Eccoci ancora una volta, con la Giornata diocesana Caritas, ad iniziare con voi un nuovo anno di impegno, di maniche rimboccate, di rinnovata generosit\u00e0.<\/p>\n<p>Due sono i grandi riferimenti che ci fanno da guida e ci provocano nello scegliere nuove possibili linee di impegno: il VII Incontro mondiale della Famiglia, tenutosi a Milano, e l\u2019anno della fede proclamato dal Santo Padre.<\/p>\n<p>Tutti noi portiamo nel cuore le immagini di grande intensit\u00e0 delle giornate milanesi, sia per i contenuti che sono stati messi in gioco, sia per la straordinaria presenza di Benedetto XIV. Tuttavia quello che rimane non pu\u00f2 essere solo il ricordo di una grande festa, ma deve diventare per tutti noi un\u2019eredit\u00e0 che ci porta a riflettere sui compiti che l\u2019incontro ci ha affidato.<\/p>\n<p>A ben poco sar\u00e0 servito ospitare quanti sono arrivati da ogni parte del pianeta, se non accetto di vedere, di incontrare e di provare compassione per la famiglia che mi vive accanto segnata dalla difficolt\u00e0.<\/p>\n<p>Infatti il Papa ci ha esplicitamente chiesto, soprattutto in questo momento di grave crisi economica, di correre il rischio di mettersi accanto alle famiglie provate dalla povert\u00e0 materiale e morale, cio\u00e8 solidariet\u00e0 fra famiglie.<\/p>\n<p>Risposte nella nostra comunit\u00e0 ci sono gi\u00e0 state, per esempio:<\/p>\n<p>&#8211;\u00a0\u00a0 due famiglie in occasione della Santa Cresima e della Santa Comunione dei loro figli hanno condiviso un progetto per una famiglia segnalata dalla Caritas.<\/p>\n<p>&#8211;\u00a0\u00a0 un gruppo di mamme hanno garantito il pagamento di alcuni mesi l\u2019affitto a una famiglia;<\/p>\n<p>&#8211;\u00a0\u00a0 un gruppo di signore hanno garantito l\u2019acquisto per alcuni mesi di alimenti freschi per una famiglia con tre bambini piccoli.<\/p>\n<p>La nostra giornata \u00e8 costellata da tante scelte, piccole e grandi che siano, chiediamoci cosa \u00e8 in nostro potere fare e \u2026 facciamolo.<\/p>\n<p>Dobbiamo infine vigilare affinch\u00e9 la nostra fede non si riduca ad una serie di precetti da assolvere per sentirci in pace con noi stessi e con il Padre Eterno, ma lasciamoci trasformare ed esprimere con la nostra vita ci\u00f2 che abbiamo ricevuto mediante la fede.<\/p>\n<p>L\u2019attenzione, la compassione, la condivisione, la solidariet\u00e0 sono buoni sentimenti che ci fanno da pungolo per dire con forza che nella nostra vita non tutto si pu\u00f2 comperare, che la logica del dono non t\u2019impoverisce, ma ti arricchisce e ti rende pi\u00f9 libero.<\/p>\n<p>Perch\u00e9 \u00e8 illusorio pensare di potercela fare <span style=\"text-decoration: underline;\">da soli<\/span>, ma c\u2019\u00e8 un altro perch\u00e9 pi\u00f9 difficile da dimostrare e che ti fa dire che \u201cbisogna provare per credere\u201d, credere che il segreto della felicit\u00e0 \u00e8 far felici gli altri: si serve, ci si mette a disposizione degli altri in modo serio, perch\u00e9 questa \u00e8 la strada pi\u00f9 certa per trovare la felicit\u00e0.<\/p>\n<p>Ci piacerebbe insieme a voi che, interrogati da un amico, da un parente o anche solo dalla nostra coscienza sul \u201cperch\u00e9 lo fai?\u201d, o sul \u201cma chi te lo fa fare di impegnarti malgrado l\u2019et\u00e0, la salute, la responsabilit\u00e0, malgrado l\u2019ingratitudine e le delusioni?\u201d fossimo tutti capaci di rispondere \u201cquesto \u00e8 il mio modo di essere uomo, di essere cristiano, di porgere il Vangelo ad ogni uomo perch\u00e9 la sua vita possa cambiare\u201d.<\/p>\n<table width=\"512\" border=\"0\" cellspacing=\"0\" cellpadding=\"0\">\n<colgroup>\n<col span=\"8\" width=\"64\" \/><\/colgroup>\n<tbody>\n<tr>\n<td style=\"text-align: left;\" colspan=\"8\" width=\"320\"><strong>RENDICONTO NOVEMBRE 2011 &#8211; OTTOBRE 2012<\/strong><\/td>\n<\/tr>\n<tr>\n<td height=\"15\">\u00a0<\/td>\n<td>\u00a0<\/td>\n<td>\u00a0<\/td>\n<td>\u00a0<\/td>\n<td>\u00a0<\/td>\n<td>\u00a0<\/td>\n<td>\u00a0<\/td>\n<td>\u00a0<\/td>\n<\/tr>\n<tr>\n<td height=\"15\">\u00a0<\/td>\n<td>\u00a0<\/td>\n<td><strong>ENTRATE<\/strong><\/td>\n<td>\u00a0<\/td>\n<td>\u00a0<\/td>\n<td>\u00a0<\/td>\n<td>\u00a0<\/td>\n<td>\u00a0<\/td>\n<\/tr>\n<tr>\n<td colspan=\"5\" height=\"15\">Avanzo attivo progetto rete con servizi sociali<\/td>\n<td>\u00a0<\/td>\n<td>\u00a0<\/td>\n<td align=\"right\">2.254,41<\/td>\n<\/tr>\n<tr>\n<td height=\"15\">Offerte<\/td>\n<td>\u00a0<\/td>\n<td>\u00a0<\/td>\n<td>\u00a0<\/td>\n<td>\u00a0<\/td>\n<td>\u00a0<\/td>\n<td>\u00a0<\/td>\n<td align=\"right\">1.978,00<\/td>\n<\/tr>\n<tr>\n<td colspan=\"3\" height=\"15\">Giornata diocesana Caritas<\/td>\n<td>\u00a0<\/td>\n<td>\u00a0<\/td>\n<td>\u00a0<\/td>\n<td>\u00a0<\/td>\n<td align=\"right\">2.767,00<\/td>\n<\/tr>\n<tr>\n<td colspan=\"2\" height=\"15\">Donazioni liberali<\/td>\n<td>\u00a0<\/td>\n<td>\u00a0<\/td>\n<td>\u00a0<\/td>\n<td>\u00a0<\/td>\n<td>\u00a0<\/td>\n<td align=\"right\">500,00<\/td>\n<\/tr>\n<tr>\n<td height=\"15\">Ora TV<\/td>\n<td>\u00a0<\/td>\n<td>\u00a0<\/td>\n<td>\u00a0<\/td>\n<td>\u00a0<\/td>\n<td>\u00a0<\/td>\n<td>\u00a0<\/td>\n<td align=\"right\">300,00<\/td>\n<\/tr>\n<tr>\n<td colspan=\"4\" height=\"15\">Genitori scuola media per progetto affitto<\/td>\n<td>\u00a0<\/td>\n<td>\u00a0<\/td>\n<td>\u00a0<\/td>\n<td align=\"right\">380,00<\/td>\n<\/tr>\n<tr>\n<td colspan=\"6\" height=\"15\">Gruppo ginnastica antalgica per progetto cibi freschi a famiglia<\/td>\n<td>\u00a0<\/td>\n<td align=\"right\">420,00<\/td>\n<\/tr>\n<tr>\n<td colspan=\"6\" height=\"15\">Bomboniere S. Comunione e S. Cresima per progetto famiglia<\/td>\n<td>\u00a0<\/td>\n<td align=\"right\">660,00<\/td>\n<\/tr>\n<tr>\n<td colspan=\"2\" height=\"15\">Gruppo Ponte<\/td>\n<td>\u00a0<\/td>\n<td>\u00a0<\/td>\n<td>\u00a0<\/td>\n<td>\u00a0<\/td>\n<td>\u00a0<\/td>\n<td align=\"right\">667,00<\/td>\n<\/tr>\n<tr>\n<td colspan=\"2\" height=\"15\">Gruppo Girotondo<\/td>\n<td>\u00a0<\/td>\n<td>\u00a0<\/td>\n<td>\u00a0<\/td>\n<td>\u00a0<\/td>\n<td>\u00a0<\/td>\n<td align=\"right\">320,00<\/td>\n<\/tr>\n<tr>\n<td height=\"15\">\u00a0<\/td>\n<td>\u00a0<\/td>\n<td>\u00a0<\/td>\n<td>\u00a0<\/td>\n<td>\u00a0<\/td>\n<td>\u00a0<\/td>\n<td>\u00a0<\/td>\n<td>\u00a0<\/td>\n<\/tr>\n<tr>\n<td height=\"15\">\u00a0<\/td>\n<td>\u00a0<\/td>\n<td>\u00a0<\/td>\n<td>\u00a0<\/td>\n<td>\u00a0<\/td>\n<td>\u00a0<\/td>\n<td>\u00a0<\/td>\n<td align=\"right\"><strong>10.246,41<\/strong><\/td>\n<\/tr>\n<tr>\n<td height=\"15\">\u00a0<\/td>\n<td>\u00a0<\/td>\n<td><strong>USCITE<\/strong><\/td>\n<td>\u00a0<\/td>\n<td>\u00a0<\/td>\n<td>\u00a0<\/td>\n<td>\u00a0<\/td>\n<td>\u00a0<\/td>\n<\/tr>\n<tr>\n<td colspan=\"6\" height=\"15\">Contributo alla Diocesi per la Giornata Diocesana Caritas<\/td>\n<td>\u00a0<\/td>\n<td align=\"right\">150,00<\/td>\n<\/tr>\n<tr>\n<td colspan=\"2\" height=\"15\">Bollette luce, gas<\/td>\n<td>\u00a0<\/td>\n<td>\u00a0<\/td>\n<td>\u00a0<\/td>\n<td>\u00a0<\/td>\n<td>\u00a0<\/td>\n<td align=\"right\">5.094,44<\/td>\n<\/tr>\n<tr>\n<td colspan=\"2\" height=\"15\">Pasti a domicilio<\/td>\n<td>\u00a0<\/td>\n<td>\u00a0<\/td>\n<td>\u00a0<\/td>\n<td>\u00a0<\/td>\n<td>\u00a0<\/td>\n<td align=\"right\">387,40<\/td>\n<\/tr>\n<tr>\n<td colspan=\"4\" height=\"15\">Spese alimenti freschi a pi\u00f9 famiglie<\/td>\n<td>\u00a0<\/td>\n<td>\u00a0<\/td>\n<td>\u00a0<\/td>\n<td align=\"right\">730,25<\/td>\n<\/tr>\n<tr>\n<td colspan=\"2\" height=\"15\">Contributo affitti<\/td>\n<td>\u00a0<\/td>\n<td>\u00a0<\/td>\n<td>\u00a0<\/td>\n<td>\u00a0<\/td>\n<td>\u00a0<\/td>\n<td align=\"right\">2.209,89<\/td>\n<\/tr>\n<tr>\n<td colspan=\"4\" height=\"15\">Ricariche telefoniche cellulare Caritas<\/td>\n<td>\u00a0<\/td>\n<td>\u00a0<\/td>\n<td>\u00a0<\/td>\n<td align=\"right\">275,00<\/td>\n<\/tr>\n<tr>\n<td colspan=\"7\" height=\"15\">Progetto ad personam (pulizie varie e manutentive)<\/td>\n<td align=\"right\">710,00<\/td>\n<\/tr>\n<tr>\n<td colspan=\"2\" height=\"15\">Mensa scolastica<\/td>\n<td>\u00a0<\/td>\n<td>\u00a0<\/td>\n<td>\u00a0<\/td>\n<td>\u00a0<\/td>\n<td>\u00a0<\/td>\n<td align=\"right\">82,00<\/td>\n<\/tr>\n<tr>\n<td height=\"15\">Libri di testo<\/td>\n<td>\u00a0<\/td>\n<td>\u00a0<\/td>\n<td>\u00a0<\/td>\n<td>\u00a0<\/td>\n<td>\u00a0<\/td>\n<td>\u00a0<\/td>\n<td align=\"right\">160,00<\/td>\n<\/tr>\n<tr>\n<td colspan=\"6\" height=\"15\">Esami medici e assistenza anziano indigente<\/td>\n<td>\u00a0<\/td>\n<td align=\"right\">306,00<\/td>\n<\/tr>\n<tr>\n<td colspan=\"7\" height=\"15\">Spese varie: emergenza a famiglia in difficolt\u00e0, contributo medicine<\/td>\n<td>\u00a0<\/td>\n<\/tr>\n<tr>\n<td>\u00a0<\/td>\n<td colspan=\"6\">confezione bomboniere per progetti, trasporto Croce Bianca<\/td>\n<td>\u00a0<\/td>\n<\/tr>\n<tr>\n<td height=\"15\">\u00a0<\/td>\n<td colspan=\"6\">viaggio di ritorno a famiglia in Bulgaria (progetto con il parroco)<\/td>\n<td align=\"right\">684,01<\/td>\n<\/tr>\n<tr>\n<td height=\"15\">\u00a0<\/td>\n<td>\u00a0<\/td>\n<td>\u00a0<\/td>\n<td>\u00a0<\/td>\n<td>\u00a0<\/td>\n<td>\u00a0<\/td>\n<td>\u00a0<\/td>\n<td>\u00a0<\/td>\n<\/tr>\n<tr>\n<td height=\"15\">\u00a0<\/td>\n<td>\u00a0<\/td>\n<td>\u00a0<\/td>\n<td>\u00a0<\/td>\n<td>\u00a0<\/td>\n<td>\u00a0<\/td>\n<td>\u00a0<\/td>\n<td align=\"right\"><strong>10.638,99<\/strong><\/td>\n<\/tr>\n<tr>\n<td height=\"15\">\u00a0<\/td>\n<td>\u00a0<\/td>\n<td>\u00a0<\/td>\n<td>\u00a0<\/td>\n<td>\u00a0<\/td>\n<td>\u00a0<\/td>\n<td>\u00a0<\/td>\n<td>\u00a0<\/td>\n<\/tr>\n<tr>\n<td height=\"15\">\u00a0<\/td>\n<td>\u00a0<\/td>\n<td>\u00a0<\/td>\n<td>\u00a0<\/td>\n<td>\u00a0<\/td>\n<td><strong>disavanzo<\/strong><\/td>\n<td><strong>\u00a0<\/strong><\/td>\n<td align=\"right\"><strong>-392,58<\/strong><\/td>\n<\/tr>\n<\/tbody>\n<\/table>\n<p>&nbsp;<\/p>\n<p>&nbsp;<\/p>\n<p>La<strong> distribuzione<\/strong> <strong>viveri<\/strong> \u00e8 consistita, anche quest\u2019anno, di un pacco mensile contenente: 4kg di pasta, 1 kg di riso, 1 kg di zucchero, 1 litro di olio, 4 scatolette di tonno, 3 scatole di pelati e a scatole di legumi assortiti.<\/p>\n<p>Nel periodo dicembre 2011 \u2013 maggio 2012 sono stati distribuiti circa\u00a0 60 pacchi al mese.<\/p>\n<p>\u00a0Alla <strong>distribuzione abiti<\/strong>, nell\u2019anno 2011, si sono contate 382 persone per un numero di 809 visite. Nei primi mesi del 2012 (fino a settembre) le visite sono aumentate del 30%<\/p>\n<p>&nbsp;<\/p>\n<p><strong>Sondaggio svoltosi durante la Giornata dell\u2019Oratorio 2012 <\/strong><\/p>\n<p>Premettendo che, per ragioni immaginabili, i risultati vanno letti semplicemente come indicazioni dello stato di fatto, ecco cosa ne \u00e8 emerso.<\/p>\n<p>Hanno risposto al sondaggio sulla Caritas a Cassina 218 persone, in prevalenza donne (67%), appartenenti alla fascia d\u2019et\u00e0 fra i 35 e i 65 anni (70%). Una larga maggioranza ha dichiarato di partecipare alla vita parrocchiale con continuit\u00e0 (58%) o almeno qualche volta (33%).<\/p>\n<p>Il 92% ha dichiarato di essere a conoscenza della presenza della Caritas a Cassina e la maggioranza di questi ha \u201cscoperto\u201dla Caritasattraverso il foglio \u201cInsieme\u201d, mentre solo una parte ne \u00e8 venuta a conoscenza in occasione della Giornata Caritas di novembre o attraverso le iniziative proposte in Avvento\/Quaresima.<\/p>\n<p>Quasi la met\u00e0 degli intervistati ha indicato varie fonti di conoscenza, come amici, familiari o semplici conoscenti che ne hanno loro parlato in qualche occasione.\u00a0<\/p>\n<p>Pi\u00f9 della met\u00e0 degli intervistati ritiene chela Caritassia un\u2019Associazione di volontariato (errato) e solo circa un terzo \u00e8 al corrente che \u00e8 invece un Organismo pastorale.<\/p>\n<p>Infine i servizi della Caritas sul nostro territorio sono ben conosciuti, anche se il 25% degli intervistati non sa dove siano erogati.<\/p>\n","protected":false},"excerpt":{"rendered":"<p>Comunit\u00e0 Pastorale \u201cMaria Madre della Chiesa\u201d Caritas Cittadina Cassina de\u2019 Pecchi Giornata Diocesana Caritas 2012 \u00a0Eccoci ancora una volta, con la Giornata diocesana Caritas, ad iniziare con voi un nuovo anno di impegno, di maniche rimboccate, di rinnovata generosit\u00e0. Due sono i grandi riferimenti che ci fanno da guida e ci provocano nello scegliere nuove [&hellip;]<\/p>\n","protected":false},"author":2,"featured_media":0,"comment_status":"closed","ping_status":"open","sticky":false,"template":"","format":"standard","meta":{"footnotes":""},"categories":[24,19],"tags":[],"class_list":{"0":"post-3998","1":"post","2":"type-post","3":"status-publish","4":"format-standard","6":"category-caritas-cittadina","7":"category-prima-pagina"},"_links":{"self":[{"href":"https:\/\/comunitapastoralecassina.org\/ver2\/wp-json\/wp\/v2\/posts\/3998","targetHints":{"allow":["GET"]}}],"collection":[{"href":"https:\/\/comunitapastoralecassina.org\/ver2\/wp-json\/wp\/v2\/posts"}],"about":[{"href":"https:\/\/comunitapastoralecassina.org\/ver2\/wp-json\/wp\/v2\/types\/post"}],"author":[{"embeddable":true,"href":"https:\/\/comunitapastoralecassina.org\/ver2\/wp-json\/wp\/v2\/users\/2"}],"replies":[{"embeddable":true,"href":"https:\/\/comunitapastoralecassina.org\/ver2\/wp-json\/wp\/v2\/comments?post=3998"}],"version-history":[{"count":13,"href":"https:\/\/comunitapastoralecassina.org\/ver2\/wp-json\/wp\/v2\/posts\/3998\/revisions"}],"predecessor-version":[{"id":5679,"href":"https:\/\/comunitapastoralecassina.org\/ver2\/wp-json\/wp\/v2\/posts\/3998\/revisions\/5679"}],"wp:attachment":[{"href":"https:\/\/comunitapastoralecassina.org\/ver2\/wp-json\/wp\/v2\/media?parent=3998"}],"wp:term":[{"taxonomy":"category","embeddable":true,"href":"https:\/\/comunitapastoralecassina.org\/ver2\/wp-json\/wp\/v2\/categories?post=3998"},{"taxonomy":"post_tag","embeddable":true,"href":"https:\/\/comunitapastoralecassina.org\/ver2\/wp-json\/wp\/v2\/tags?post=3998"}],"curies":[{"name":"wp","href":"https:\/\/api.w.org\/{rel}","templated":true}]}}