{"id":4052,"date":"2013-01-04T15:04:54","date_gmt":"2013-01-04T14:04:54","guid":{"rendered":"http:\/\/comunitapastoralecassina.org\/ver2\/?p=4052"},"modified":"2013-01-25T22:04:18","modified_gmt":"2013-01-25T21:04:18","slug":"cristo-la-luce-del-mondo","status":"publish","type":"post","link":"https:\/\/comunitapastoralecassina.org\/ver2\/2013\/01\/cristo-la-luce-del-mondo\/","title":{"rendered":"CRISTO, LA LUCE DEL MONDO"},"content":{"rendered":"<p>Oggi, 6 gennaio, \u00e8 la solennit\u00e0 dell\u2019Epifania del Signore, una festa molto antica, che ha la sua origine nell\u2019Oriente cristiano. L&#8217;Epifania mette in risalto il mistero della manifestazione di Ges\u00f9 Cristo a tutte le genti, rappresentate dai Magi che vennero ad adorare il Re dei Giudei appena nato a Betlemme, come narra il Vangelo di san Matteo.<\/p>\n<p>Quella \u201cluce nuova\u201d che si \u00e8 accesa nella notte di Natale, oggi incomincia a risplendere sul mondo, come suggerisce l\u2019immagine della stella, un segno celeste che attir\u00f2 l\u2019attenzione dei Magi e li guid\u00f2 nel loro viaggio verso la Giudea.<\/p>\n<p>Tutto il periodo del Natale e dell\u2019Epifania \u00e8 caratterizzato dal tema della luce.<\/p>\n<p>Per tutti i popoli vale la parola di Cristo: \u201c<i>Io sono la luce del mondo; chi segue me, non cammina nelle tenebre, ma avr\u00e0 la luce della vita<\/i>\u201d (Gv 8,12).<\/p>\n<p>Ges\u00f9 \u00e8 il sole apparso all\u2019orizzonte dell\u2019umanit\u00e0 per illuminare l\u2019esistenza personale di ognuno di noi e per guidarci tutti insieme verso la meta del nostro pellegrinaggio, verso la terra della libert\u00e0 e della pace, in cui vivremo per sempre in piena comunione con Dio e tra di noi.<\/p>\n<p>L\u2019annuncio di questo mistero di salvezza \u00e8 stato affidato da Cristo alla sua Chiesa.<\/p>\n<p>\u201c<i>Esso<\/i> \u2013 scrive san Paolo nella Lettera agli Efesini \u2013 <i>\u00e8 stato rivelato ai suoi santi apostoli e profeti per mezzo dello Spirito: che le genti sono chiamate, in Cristo Ges\u00f9, a condividere la stessa eredit\u00e0, a formare lo stesso corpo e ad essere partecipi della stessa promessa per mezzo del Vangelo<\/i>\u201d.<\/p>\n<p>L\u2019invito che il profeta Isaia rivolgeva alla citt\u00e0 santa Gerusalemme, si pu\u00f2 applicare alla Chiesa: \u201c<i>Alzati, rivestiti di luce, perch\u00e9 viene la tua luce, la gloria del Signore brilla sopra di te. Poich\u00e9, ecco, la tenebra ricopre la terra, nebbia fitta avvolge i popoli; ma su di te risplende il Signore, la sua gloria appare su di te<\/i>\u201d (Is 60,1-2).<\/p>\n<p>E\u2019 cos\u00ec, come dice il Profeta: il mondo, con tutte le sue risorse, non \u00e8 in grado di dare all\u2019umanit\u00e0 la luce per orientare il suo cammino.<\/p>\n<p>Lo riscontriamo anche ai nostri giorni: la civilt\u00e0 occidentale sembra avere smarrito l\u2019orientamento, naviga a vista.<\/p>\n<p>Ma la Chiesa, grazie alla Parola di Dio, vede attraverso queste nebbie. Non possiede soluzioni tecniche, ma tiene lo sguardo rivolto alla meta, e offre la luce del Vangelo a tutti gli uomini di buona volont\u00e0, di qualunque nazione e cultura.<\/p>\n<p align=\"right\"><i>(Benedetto XVI)<\/i><\/p>\n","protected":false},"excerpt":{"rendered":"<p>Oggi, 6 gennaio, \u00e8 la solennit\u00e0 dell\u2019Epifania del Signore, una festa molto antica, che ha la sua origine nell\u2019Oriente cristiano. L&#8217;Epifania mette in risalto il mistero della manifestazione di Ges\u00f9 Cristo a tutte le genti, rappresentate dai Magi che vennero ad adorare il Re dei Giudei appena nato a Betlemme, come narra il Vangelo di [&hellip;]<\/p>\n","protected":false},"author":2,"featured_media":0,"comment_status":"closed","ping_status":"open","sticky":false,"template":"","format":"standard","meta":{"footnotes":""},"categories":[19],"tags":[],"class_list":{"0":"post-4052","1":"post","2":"type-post","3":"status-publish","4":"format-standard","6":"category-prima-pagina"},"_links":{"self":[{"href":"https:\/\/comunitapastoralecassina.org\/ver2\/wp-json\/wp\/v2\/posts\/4052","targetHints":{"allow":["GET"]}}],"collection":[{"href":"https:\/\/comunitapastoralecassina.org\/ver2\/wp-json\/wp\/v2\/posts"}],"about":[{"href":"https:\/\/comunitapastoralecassina.org\/ver2\/wp-json\/wp\/v2\/types\/post"}],"author":[{"embeddable":true,"href":"https:\/\/comunitapastoralecassina.org\/ver2\/wp-json\/wp\/v2\/users\/2"}],"replies":[{"embeddable":true,"href":"https:\/\/comunitapastoralecassina.org\/ver2\/wp-json\/wp\/v2\/comments?post=4052"}],"version-history":[{"count":11,"href":"https:\/\/comunitapastoralecassina.org\/ver2\/wp-json\/wp\/v2\/posts\/4052\/revisions"}],"predecessor-version":[{"id":5674,"href":"https:\/\/comunitapastoralecassina.org\/ver2\/wp-json\/wp\/v2\/posts\/4052\/revisions\/5674"}],"wp:attachment":[{"href":"https:\/\/comunitapastoralecassina.org\/ver2\/wp-json\/wp\/v2\/media?parent=4052"}],"wp:term":[{"taxonomy":"category","embeddable":true,"href":"https:\/\/comunitapastoralecassina.org\/ver2\/wp-json\/wp\/v2\/categories?post=4052"},{"taxonomy":"post_tag","embeddable":true,"href":"https:\/\/comunitapastoralecassina.org\/ver2\/wp-json\/wp\/v2\/tags?post=4052"}],"curies":[{"name":"wp","href":"https:\/\/api.w.org\/{rel}","templated":true}]}}