{"id":53,"date":"2008-04-14T10:59:42","date_gmt":"2008-04-14T09:59:42","guid":{"rendered":"http:\/\/www.parrocchiasmacassina.org\/?p=53"},"modified":"2013-01-25T21:41:02","modified_gmt":"2013-01-25T20:41:02","slug":"la-pecora-nera","status":"publish","type":"post","link":"https:\/\/comunitapastoralecassina.org\/ver2\/2008\/04\/la-pecora-nera\/","title":{"rendered":"La pecora nera"},"content":{"rendered":"<p>C&#8217;era una volta una pecora diversa da tutte le altre. Le pecore, si sa, sono bianche: lei, invece, era nera. Nera come il carbone. Quando passava per i campi tutti la segnavano a dito e sorridevano di compassione.<br \/>\n&#8220;Guarda la pecora nera! Che animale originale: chi crede mai di essere?&#8221;.<br \/>\nAnche le compagne pecore le gridavano dietro: &#8220;Pecora sbagliata, non sai che le pecore devono essere tutte uguali, tutte avvolte di lana bianca?&#8221;<br \/>\nLa pecora nera non ne poteva pi\u00f9: quelle parole erano come pietre. E cos\u00ec decise di uscire dal gregge per andarsene sui monti: almeno l\u00e0 avrebbe potuto brucare in pace e riposare all&#8217;ombra dei pini. Ma nemmeno in montagna trov\u00f2 pace.<br \/>\n&#8220;Che vivere \u00e8 mai questo? Sempre sola, tutta sola!&#8221;, si diceva dopo il tramonto del sole quando la notte inghiottiva tutto nel buio.<br \/>\nUna sera, mentre girovagava scoraggiata e in lacrime scorse una grotta. &#8220;Dormir\u00f2 l\u00e0 dentro\u2026&#8221;, e si mise a correre, correre come se qualcosa l&#8217;attirasse\u2026<br \/>\n<em>&#8220;Chi sei?&#8221;<\/em> le domand\u00f2 qualcuno mentre stava entrando.<br \/>\n&#8220;Sono una pecora che nessuno vuole: una pecora nera! Ho lasciato il gregge perch\u00e9 tutti mi prendevano in giro e mi sentivo diversa\u2026 In un certo qual modo mi hanno tagliata fuori\u2026&#8221;<br \/>\n<em>&#8220;\u00c8 capitato anche a noi una cosa simile: siamo poveri e non c&#8217;era posto con gli altri nell&#8217;albergo. Abbiamo dovuto ripararci qui, io Giuseppe e mia moglie Maria. Proprio qui ci \u00e8 nato un bel Bambino. Eccolo!&#8221;<\/em><br \/>\nLa pecora nera si sent\u00ec invadere da una sensazione nuova.<br \/>\n&#8220;Avr\u00e0 freddo: lasciate che mi metta vicino per scaldarlo con la mia soffice lana\u2026&#8221;<br \/>\nMaria e Giuseppe le fecero posto accanto al Bambino.<br \/>\nLa pecora si accoccol\u00f2 il pi\u00f9 vicino possibile al Bambino e allargando le zampe lo strinse a s\u00e9.<br \/>\nGes\u00f9 si svegli\u00f2, apr\u00ec gli occhi e le bisbigli\u00f2:<br \/>\n<em>&#8220;Proprio per questo sono venuto, per le pecore smarrite&#8221;.<\/em><br \/>\nLa pecora nera non comprese del tutto, ma si sent\u00ec utile e contenta. Si mise a belare, belare di felicit\u00e0.<br \/>\nDal cielo gli angeli risposero intonando il Gloria.<\/p>\n<p><em><strong>&#8220;Ogni uomo vedr\u00e0<br \/>\nla salvezza di Dio!&#8221;<br \/>\n(dalla Liturgia della<br \/>\n4\u00aa Domenica di Avvento)<\/strong><\/em><\/p>\n","protected":false},"excerpt":{"rendered":"<p>C&#8217;era una volta una pecora diversa da tutte le altre. Le pecore, si sa, sono bianche: lei, invece, era nera. Nera come il carbone. Quando passava per i campi tutti la segnavano a dito e sorridevano di compassione. &#8220;Guarda la pecora nera! Che animale originale: chi crede mai di essere?&#8221;. Anche le compagne pecore le [&hellip;]<\/p>\n","protected":false},"author":2,"featured_media":0,"comment_status":"closed","ping_status":"open","sticky":false,"template":"","format":"standard","meta":{"footnotes":""},"categories":[22],"tags":[],"class_list":{"0":"post-53","1":"post","2":"type-post","3":"status-publish","4":"format-standard","6":"category-natale-e-tempo-di-avvento"},"_links":{"self":[{"href":"https:\/\/comunitapastoralecassina.org\/ver2\/wp-json\/wp\/v2\/posts\/53","targetHints":{"allow":["GET"]}}],"collection":[{"href":"https:\/\/comunitapastoralecassina.org\/ver2\/wp-json\/wp\/v2\/posts"}],"about":[{"href":"https:\/\/comunitapastoralecassina.org\/ver2\/wp-json\/wp\/v2\/types\/post"}],"author":[{"embeddable":true,"href":"https:\/\/comunitapastoralecassina.org\/ver2\/wp-json\/wp\/v2\/users\/2"}],"replies":[{"embeddable":true,"href":"https:\/\/comunitapastoralecassina.org\/ver2\/wp-json\/wp\/v2\/comments?post=53"}],"version-history":[{"count":2,"href":"https:\/\/comunitapastoralecassina.org\/ver2\/wp-json\/wp\/v2\/posts\/53\/revisions"}],"predecessor-version":[{"id":5361,"href":"https:\/\/comunitapastoralecassina.org\/ver2\/wp-json\/wp\/v2\/posts\/53\/revisions\/5361"}],"wp:attachment":[{"href":"https:\/\/comunitapastoralecassina.org\/ver2\/wp-json\/wp\/v2\/media?parent=53"}],"wp:term":[{"taxonomy":"category","embeddable":true,"href":"https:\/\/comunitapastoralecassina.org\/ver2\/wp-json\/wp\/v2\/categories?post=53"},{"taxonomy":"post_tag","embeddable":true,"href":"https:\/\/comunitapastoralecassina.org\/ver2\/wp-json\/wp\/v2\/tags?post=53"}],"curies":[{"name":"wp","href":"https:\/\/api.w.org\/{rel}","templated":true}]}}