{"id":57,"date":"2008-04-14T11:07:59","date_gmt":"2008-04-14T10:07:59","guid":{"rendered":"http:\/\/www.parrocchiasmacassina.org\/?p=57"},"modified":"2013-01-25T21:41:01","modified_gmt":"2013-01-25T20:41:01","slug":"perche-sono-nato-dice-dio","status":"publish","type":"post","link":"https:\/\/comunitapastoralecassina.org\/ver2\/2008\/04\/perche-sono-nato-dice-dio\/","title":{"rendered":"Perch\u00e9 sono nato Dice Dio"},"content":{"rendered":"<p>Sono nato nudo, dice Dio,<br \/>\nperch\u00e9 tu sappia spogliarti di te stesso.<br \/>\nSono nato povero,<br \/>\nperch\u00e9 tu possa considerarmi l\u2019unica ricchezza.<\/p>\n<p>Sono nato in una stalla,<br \/>\nperch\u00e9 tu impari a santificare ogni ambiente.<br \/>\nSono nato debole, dice Dio,<br \/>\nperch\u00e9 Tu non abbia mai paura di Me.<\/p>\n<p>Sono nato per amore,<br \/>\nperch\u00e9 tu non dubiti mai del Mio amore.<br \/>\nSono nato di notte<br \/>\nperch\u00e9 tu creda che posso illuminare qualsiasi realt\u00e0.<\/p>\n<p>Sono nato persona, dice Dio,<br \/>\nperch\u00e9 tu non abbia mai a vergognarti di essere te stesso.<br \/>\nSono nato uomo,<br \/>\nPerch\u00e9 tu possa essere \u201cdio\u201d<\/p>\n<p>Sono nato perseguitato,<br \/>\nperch\u00e9 tu sappia accettare le difficolt\u00e0.<br \/>\nSono nato nella semplicit\u00e0,<br \/>\nperch\u00e9 tu smetta di essere complicato.<\/p>\n<p>Sono nato nella tua vita, dice Dio,<br \/>\nper portare tutti nella casa del Padre.<\/p>\n<p><em>Lambert Noben<\/em><\/p>\n","protected":false},"excerpt":{"rendered":"<p>Sono nato nudo, dice Dio, perch\u00e9 tu sappia spogliarti di te stesso. Sono nato povero, perch\u00e9 tu possa considerarmi l\u2019unica ricchezza. Sono nato in una stalla, perch\u00e9 tu impari a santificare ogni ambiente. Sono nato debole, dice Dio, perch\u00e9 Tu non abbia mai paura di Me. Sono nato per amore, perch\u00e9 tu non dubiti mai [&hellip;]<\/p>\n","protected":false},"author":2,"featured_media":0,"comment_status":"closed","ping_status":"open","sticky":false,"template":"","format":"standard","meta":{"footnotes":""},"categories":[22],"tags":[],"class_list":{"0":"post-57","1":"post","2":"type-post","3":"status-publish","4":"format-standard","6":"category-natale-e-tempo-di-avvento"},"_links":{"self":[{"href":"https:\/\/comunitapastoralecassina.org\/ver2\/wp-json\/wp\/v2\/posts\/57","targetHints":{"allow":["GET"]}}],"collection":[{"href":"https:\/\/comunitapastoralecassina.org\/ver2\/wp-json\/wp\/v2\/posts"}],"about":[{"href":"https:\/\/comunitapastoralecassina.org\/ver2\/wp-json\/wp\/v2\/types\/post"}],"author":[{"embeddable":true,"href":"https:\/\/comunitapastoralecassina.org\/ver2\/wp-json\/wp\/v2\/users\/2"}],"replies":[{"embeddable":true,"href":"https:\/\/comunitapastoralecassina.org\/ver2\/wp-json\/wp\/v2\/comments?post=57"}],"version-history":[{"count":1,"href":"https:\/\/comunitapastoralecassina.org\/ver2\/wp-json\/wp\/v2\/posts\/57\/revisions"}],"predecessor-version":[{"id":5357,"href":"https:\/\/comunitapastoralecassina.org\/ver2\/wp-json\/wp\/v2\/posts\/57\/revisions\/5357"}],"wp:attachment":[{"href":"https:\/\/comunitapastoralecassina.org\/ver2\/wp-json\/wp\/v2\/media?parent=57"}],"wp:term":[{"taxonomy":"category","embeddable":true,"href":"https:\/\/comunitapastoralecassina.org\/ver2\/wp-json\/wp\/v2\/categories?post=57"},{"taxonomy":"post_tag","embeddable":true,"href":"https:\/\/comunitapastoralecassina.org\/ver2\/wp-json\/wp\/v2\/tags?post=57"}],"curies":[{"name":"wp","href":"https:\/\/api.w.org\/{rel}","templated":true}]}}