{"id":6083,"date":"2013-04-18T16:07:06","date_gmt":"2013-04-18T14:07:06","guid":{"rendered":"http:\/\/comunitapastoralecassina.org\/ver2\/?p=6083"},"modified":"2013-04-18T16:07:06","modified_gmt":"2013-04-18T14:07:06","slug":"concerto-dorgano-sabato-11-maggio-alle-ore-21-00","status":"publish","type":"post","link":"https:\/\/comunitapastoralecassina.org\/ver2\/2013\/04\/concerto-dorgano-sabato-11-maggio-alle-ore-21-00\/","title":{"rendered":"Concerto d&#8217;organo: Sabato 11 maggio alle ore 21.00"},"content":{"rendered":"<p align=\"center\"><b><span style=\"text-decoration: underline;\">Sabato 11 maggio<\/span><\/b> alle <b>ore 21.00<\/b><\/p>\n<p align=\"center\">si terr\u00e0 presso la Chiesa di Nativit\u00e0 di Maria Vergine (Camporicco) un<\/p>\n<p align=\"center\"><b>Concerto d&#8217;Organo <\/b>con il<\/p>\n<p align=\"center\"><b>Maestro SILVIO MAURI <\/b>*.<\/p>\n<p align=\"center\">Il concerto \u00e8 organizzato in occasione degli anniversari di Ordinazione dei Sacerdoti della nostra Comunit\u00e0 Pastorale<\/p>\n<p>* <span style=\"text-decoration: underline;\">Silvio Mauri<\/span>: proveniente dalla scuola dei grandi maestri Marco Vinicio Penati, Marie Claire Alain, Theo Flury. Gli \u00e8 stato riconosciuto subito &#8220;l&#8217;orecchio&#8221; e il gusto per il suono, attitudini che derivano anche dal fatto che ha studiato musica fin dall&#8217;et\u00e0 di 4 anni.<br \/>\nOrganista dal 1994, pianista, direttore di coro, docente e compositore.\u00a0\u00c8 inoltre specializzato in acustica, costruttore di organi secondo rigorose tecniche\u00a0e restauratore di organi antichi e di altri strumenti musicali.<br \/>\nConcertista presso le pi\u00f9 importanti Cattedrali e Istituzioni Concertistiche in Europa e nel mondo (Italia, Svizzera, Francia, Russia, Stati Uniti, Giappone), \u00e8 apprezzato per il suo virtuosismo e per la versatilit\u00e0 del repertorio (da Bach in poi).<br \/>\nTitolare e Maitre della Casa produttrice Mauri Orgelbau (Milano).<\/p>\n<p>Dal gennaio 2012 \u00e8 nella nostra Comunit\u00e0 Pastorale come Direttore della Corale &#8220;Maria Madre della Chiesa&#8221;.<\/p>\n","protected":false},"excerpt":{"rendered":"<p>Sabato 11 maggio alle ore 21.00 si terr\u00e0 presso la Chiesa di Nativit\u00e0 di Maria Vergine (Camporicco) un Concerto d&#8217;Organo con il Maestro SILVIO MAURI *. Il concerto \u00e8 organizzato in occasione degli anniversari di Ordinazione dei Sacerdoti della nostra Comunit\u00e0 Pastorale * Silvio Mauri: proveniente dalla scuola dei grandi maestri Marco Vinicio Penati, Marie [&hellip;]<\/p>\n","protected":false},"author":2,"featured_media":0,"comment_status":"closed","ping_status":"open","sticky":false,"template":"","format":"standard","meta":{"footnotes":""},"categories":[23],"tags":[],"class_list":{"0":"post-6083","1":"post","2":"type-post","3":"status-publish","4":"format-standard","6":"category-avvisi"},"_links":{"self":[{"href":"https:\/\/comunitapastoralecassina.org\/ver2\/wp-json\/wp\/v2\/posts\/6083","targetHints":{"allow":["GET"]}}],"collection":[{"href":"https:\/\/comunitapastoralecassina.org\/ver2\/wp-json\/wp\/v2\/posts"}],"about":[{"href":"https:\/\/comunitapastoralecassina.org\/ver2\/wp-json\/wp\/v2\/types\/post"}],"author":[{"embeddable":true,"href":"https:\/\/comunitapastoralecassina.org\/ver2\/wp-json\/wp\/v2\/users\/2"}],"replies":[{"embeddable":true,"href":"https:\/\/comunitapastoralecassina.org\/ver2\/wp-json\/wp\/v2\/comments?post=6083"}],"version-history":[{"count":2,"href":"https:\/\/comunitapastoralecassina.org\/ver2\/wp-json\/wp\/v2\/posts\/6083\/revisions"}],"predecessor-version":[{"id":6085,"href":"https:\/\/comunitapastoralecassina.org\/ver2\/wp-json\/wp\/v2\/posts\/6083\/revisions\/6085"}],"wp:attachment":[{"href":"https:\/\/comunitapastoralecassina.org\/ver2\/wp-json\/wp\/v2\/media?parent=6083"}],"wp:term":[{"taxonomy":"category","embeddable":true,"href":"https:\/\/comunitapastoralecassina.org\/ver2\/wp-json\/wp\/v2\/categories?post=6083"},{"taxonomy":"post_tag","embeddable":true,"href":"https:\/\/comunitapastoralecassina.org\/ver2\/wp-json\/wp\/v2\/tags?post=6083"}],"curies":[{"name":"wp","href":"https:\/\/api.w.org\/{rel}","templated":true}]}}