{"id":6086,"date":"2013-04-18T16:11:06","date_gmt":"2013-04-18T14:11:06","guid":{"rendered":"http:\/\/comunitapastoralecassina.org\/ver2\/?p=6086"},"modified":"2013-04-18T16:11:06","modified_gmt":"2013-04-18T14:11:06","slug":"21-aprile-2013-giornata-mondiale-per-le-vocazioni","status":"publish","type":"post","link":"https:\/\/comunitapastoralecassina.org\/ver2\/2013\/04\/21-aprile-2013-giornata-mondiale-per-le-vocazioni\/","title":{"rendered":"21 aprile 2013: GIORNATA MONDIALE PER LE VOCAZIONI"},"content":{"rendered":"<h2 align=\"center\"><b>&#8220;<i>Le vocazioni segno della speranza fondata sulla fede<\/i>&#8220;<\/b><\/h2>\n<p>Nella 50\u00aa Giornata Mondiale di Preghiera per le Vocazioni vorrei invitarvi a riflettere sul tema: \u00ab<i>Le vocazioni segno della speranza fondata sulla fede<\/i>\u00bb, che ben si inscrive nel contesto dell&#8217;Anno della fede e nel 50\u00b0 anniversario dell&#8217;apertura del Concilio Ecumenico Vaticano II.<\/p>\n<p>Paolo VI durante il Concilio Vaticano II istitu\u00ec questa Giornata di invocazione corale a Dio Padre affinch\u00e9 continui a mandare operai per la sua Chiesa.<\/p>\n<p>In questi decenni le diverse comunit\u00e0 ecclesiali sparse in tutto il mondo si sono ritrovate spiritualmente unite ogni anno, nella quarta domenica di Pasqua, per implorare da Dio il dono di sante vocazioni e per riproporre alla comune riflessione l&#8217;urgenza della risposta alla chiamata divina.<\/p>\n<p>La speranza \u00e8 attesa di qualcosa di positivo per il futuro segnato non di rado da insoddisfazioni e insuccessi.<\/p>\n<p>Dove si fonda la nostra speranza?<\/p>\n<p>Guardando alla storia del popolo di Israele vediamo emergere, anche nei momenti di maggiore difficolt\u00e0 come quelli dell&#8217;esilio, un elemento costante, richiamato in particolare dai profeti: la memoria delle promesse fatte da Dio ai Patriarchi.<\/p>\n<p>Una verit\u00e0 consolante e illuminante che emerge da tutta la storia della salvezza \u00e8, infatti, la fedelt\u00e0 di Dio all&#8217;alleanza, alla quale si \u00e8 impegnato e che ha rinnovato ogniqualvolta l&#8217;uomo l&#8217;ha infranta con l&#8217;infedelt\u00e0, con il peccato. La fedelt\u00e0 di Dio \u00e8 giunta a sigillare la nuova ed eterna alleanza con l&#8217;uomo, attraverso il sangue del suo Figlio morto e risorto per la nostra salvezza.<\/p>\n<p>In ogni momento, soprattutto in quelli pi\u00f9 difficili, \u00e8 sempre la fedelt\u00e0 del Signore, autentica forza motrice della storia della salvezza, a far vibrare i cuori degli uomini e delle donne e a confermarli nella speranza di giungere un giorno alla \u00abTerra promessa\u00bb.<\/p>\n<p>Qui sta il fondamento sicuro di ogni speranza: Dio non ci lascia mai soli ed \u00e8 fedele alla parola data. Per questo motivo, in ogni situazione felice o sfavorevole, possiamo nutrire una solida speranza e pregare con il salmista: \u00abSolo in Dio riposa l&#8217;anima mia: da lui la mia speranza\u00bb (Sal 62,6).<\/p>\n<p>Fede e speranza sono pertanto strettamente unite.<\/p>\n<p>In che cosa consiste la fedelt\u00e0 di Dio alla quale affidarci con ferma speranza? Nel suo amore. Egli, che \u00e8 Padre, riversa nel nostro io pi\u00f9 profondo, mediante lo Spirito Santo, il suo amore. E proprio questo amore, manifestatosi pienamente in Ges\u00f9 Cristo, interpella la nostra esistenza, chiede una risposta su ci\u00f2 che ciascuno vuole fare della propria vita.\u00a0<\/p>\n<p>L&#8217;amore di Dio segue a volte percorsi impensabili, ma raggiunge sempre coloro che si lasciano trovare.<\/p>\n<p>La speranza si nutre, dunque, di questa certezza: \u00abNoi abbiamo conosciuto e creduto l&#8217;amore che Dio ha per noi\u00bb.<\/p>\n<p>E questo amore esigente, profondo, che va oltre la superficialit\u00e0, ci d\u00e0 coraggio, ci fa sperare nel cammino della vita e nel futuro, ci fa avere fiducia in noi stessi, nella storia e negli altri.<\/p>\n<p>Vorrei rivolgermi a voi giovani e ripetervi: \u00abChe cosa sarebbe la vostra vita senza questo amore? Dio si prende cura dell&#8217;uomo dalla creazione fino alla fine dei tempi, quando porter\u00e0 a compimento il suo progetto di salvezza. Nel Signore Risorto abbiamo la certezza della nostra speranza\u00bb.<\/p>\n<p>Come avvenne nel corso della sua esistenza terrena, anche oggi Ges\u00f9, il Risorto, passa lungo le strade della nostra vita, e ci vede immersi nelle nostre attivit\u00e0, con i nostri desideri e i nostri bisogni. Proprio nel quotidiano continua a rivolgerci la sua parola; ci chiama a realizzare la nostra vita con Lui, il solo capace di appagare la nostra sete di speranza.<\/p>\n<p>Egli, Vivente nella comunit\u00e0 dei discepoli che \u00e8 la Chiesa, anche oggi chiama a seguirlo. E questo appello pu\u00f2 giungere in qualsiasi momento.<\/p>\n<p>Seguirlo significa immergere la propria volont\u00e0 nella volont\u00e0 di Ges\u00f9, dargli davvero la precedenza, metterlo al primo posto rispetto a tutto ci\u00f2 che fa parte della nostra vita: alla famiglia, al lavoro, agli interessi personali, a se stessi.<\/p>\n<p>Significa consegnare la propria vita a Lui.<\/p>\n<p>Le vocazioni sacerdotali e religiose nascono dall&#8217;esperienza dell&#8217;incontro personale con Cristo, dal dialogo sincero e confidente con Lui, per entrare nella sua volont\u00e0. \u00c8 necessario, quindi, crescere nell&#8217;esperienza di fede, intesa come relazione profonda con Ges\u00f9, come ascolto interiore della sua voce, che risuona dentro di noi.<\/p>\n<p>La preghiera costante e profonda fa crescere la fede della comunit\u00e0 cristiana, nella certezza sempre rinnovata che Dio mai abbandona il suo popolo e che lo sostiene suscitando vocazioni speciali, al sacerdozio e alla vita consacrata, perch\u00e9 siano segni di speranza per il mondo.<\/p>\n<p>Quando un discepolo di Ges\u00f9 accoglie la divina chiamata per dedicarsi al ministero sacerdotale o alla vita consacrata, si manifesta uno dei frutti pi\u00f9 maturi della comunit\u00e0 cristiana. Il Regno di Dio necessita sempre di nuovi operai per la predicazione del Vangelo, per la celebrazione dell&#8217;Eucaristia, per il Sacramento della Riconciliazione.<\/p>\n<p>Auspico che i giovani, in mezzo a tante proposte superficiali ed effimere, sappiano coltivare l&#8217;attrazione verso i valori, le mete alte, le scelte radicali, per un servizio agli altri sulle orme di Ges\u00f9.<\/p>\n<p>Cari giovani, non abbiate paura di seguirlo e di percorrere le vie esigenti e coraggiose della carit\u00e0 e dell&#8217;impegno generoso! Cos\u00ec sarete felici di servire, sarete testimoni di quella gioia che il mondo non pu\u00f2 dare, imparerete a \u00abrendere ragione della speranza che \u00e8 in voi\u00bb (1 Pt 3,15)!<\/p>\n<p align=\"right\"><i>(Dal messaggio di papa Benedetto XVI)<\/i><\/p>\n","protected":false},"excerpt":{"rendered":"<p>&#8220;Le vocazioni segno della speranza fondata sulla fede&#8220; Nella 50\u00aa Giornata Mondiale di Preghiera per le Vocazioni vorrei invitarvi a riflettere sul tema: \u00abLe vocazioni segno della speranza fondata sulla fede\u00bb, che ben si inscrive nel contesto dell&#8217;Anno della fede e nel 50\u00b0 anniversario dell&#8217;apertura del Concilio Ecumenico Vaticano II. Paolo VI durante il Concilio [&hellip;]<\/p>\n","protected":false},"author":2,"featured_media":0,"comment_status":"closed","ping_status":"open","sticky":false,"template":"","format":"standard","meta":{"footnotes":""},"categories":[1],"tags":[],"class_list":{"0":"post-6086","1":"post","2":"type-post","3":"status-publish","4":"format-standard","6":"category-senza-categoria"},"_links":{"self":[{"href":"https:\/\/comunitapastoralecassina.org\/ver2\/wp-json\/wp\/v2\/posts\/6086","targetHints":{"allow":["GET"]}}],"collection":[{"href":"https:\/\/comunitapastoralecassina.org\/ver2\/wp-json\/wp\/v2\/posts"}],"about":[{"href":"https:\/\/comunitapastoralecassina.org\/ver2\/wp-json\/wp\/v2\/types\/post"}],"author":[{"embeddable":true,"href":"https:\/\/comunitapastoralecassina.org\/ver2\/wp-json\/wp\/v2\/users\/2"}],"replies":[{"embeddable":true,"href":"https:\/\/comunitapastoralecassina.org\/ver2\/wp-json\/wp\/v2\/comments?post=6086"}],"version-history":[{"count":2,"href":"https:\/\/comunitapastoralecassina.org\/ver2\/wp-json\/wp\/v2\/posts\/6086\/revisions"}],"predecessor-version":[{"id":6088,"href":"https:\/\/comunitapastoralecassina.org\/ver2\/wp-json\/wp\/v2\/posts\/6086\/revisions\/6088"}],"wp:attachment":[{"href":"https:\/\/comunitapastoralecassina.org\/ver2\/wp-json\/wp\/v2\/media?parent=6086"}],"wp:term":[{"taxonomy":"category","embeddable":true,"href":"https:\/\/comunitapastoralecassina.org\/ver2\/wp-json\/wp\/v2\/categories?post=6086"},{"taxonomy":"post_tag","embeddable":true,"href":"https:\/\/comunitapastoralecassina.org\/ver2\/wp-json\/wp\/v2\/tags?post=6086"}],"curies":[{"name":"wp","href":"https:\/\/api.w.org\/{rel}","templated":true}]}}