{"id":6101,"date":"2013-05-03T15:28:29","date_gmt":"2013-05-03T13:28:29","guid":{"rendered":"http:\/\/comunitapastoralecassina.org\/ver2\/?p=6101"},"modified":"2013-05-03T15:30:19","modified_gmt":"2013-05-03T13:30:19","slug":"citta-dei-ragazzi-2013-la-proposta-educativa-della-diocesi-every-body-un-corpo-mi-hai-preparato","status":"publish","type":"post","link":"https:\/\/comunitapastoralecassina.org\/ver2\/2013\/05\/citta-dei-ragazzi-2013-la-proposta-educativa-della-diocesi-every-body-un-corpo-mi-hai-preparato\/","title":{"rendered":"Citt\u00e0 dei ragazzi 2013: La proposta educativa della Diocesi: &#8220;EVERY BODY &#8211; Un corpo mi hai preparato&#8221;"},"content":{"rendered":"<p align=\"center\"><b>&#8220;S. DOMENICO SAVIO&#8221;<\/b><b> (Via Card. Ferrari, 2)<\/b><b>\u00a0<\/b><\/p>\n<p><b>DAL 10 GIUGNO AL 12 LUGLIO &#8211; dalle ore 7.30\/9.20 alle ore 17.30<\/b><\/p>\n<p><b>\u00a0\u25ba<\/b><span style=\"text-decoration: underline;\">ISCRIZIONI<\/span>: ritirare e consegnare compilato l&#8217;apposito modulo disponibile in Segreteria dell&#8217;Oratorio dal luned\u00ec al venerd\u00ec (ore 16.30-18.30) <b>entro e non oltre LUNED\u00ec 3 GIUGNO<\/b>, giorno in cui ci sar\u00e0 anche la RIUNIONE per tutte le famiglie interessate alle ore 21.00 in Oratorio (necessaria la partecipazione!).<\/p>\n<p><b>\u25ba<\/b><span style=\"text-decoration: underline;\">COSTI<\/span>: per 1 figlio \u20ac 75 (1 maglia inclusa); per 2 figli \u20ac 100 (2 maglie); per 3 figli \u20ac 110 (3 maglie) dal 4\u00b0 figlio iscrizione gartuita. Per i <b>non-residenti<\/b> \u20ac 100. Il contributo non include le uscite n\u00e8 la mensa (buono pasto giornaliero: \u20ac 1,50). Per un ulteriore maglietta il costo \u00e8 di \u20ac 5.<\/p>\n<p>Al momento dell&#8217;iscrizione ricordarsi di portare il braccialetto magnetico in possesso dagli scorsi anni.<\/p>\n<p>&nbsp;<\/p>\n<p style=\"text-align: center;\"><b>&#8220;PIER GIORGIO FRASSATI&#8221; &#8211; Camporicco<\/b><b> (Via Don Verderio, 17)<\/b><\/p>\n<p><b>\u00a0<\/b><b>DAL 10 GIUGNO AL 5 LUGLIO &#8211; dalle ore 7.45\/9.00 alle ore 17.30<\/b><\/p>\n<p><b>\u25ba<\/b><span style=\"text-decoration: underline;\">ISCRIZIONI<\/span>: si riceveranno nelle <b>domeniche<\/b> <b>19 e 26 MAGGIO <\/b>ore 9.30 &#8211; 12.30\u00a0 e\u00a0 17.30 &#8211; 18.30<br \/>\nOccorre che la famglia partecipi alla riunione di <b>LUNED\u00ec 3 GIUGNO<\/b>, ore 21.00, in Oratorio S. Domenico Savio.<\/p>\n<p><b>\u25ba<\/b><span style=\"text-decoration: underline;\">COSTI<\/span>: per 1 figlio \u20ac 60 (1 maglia inclusa); per 2 figli \u20ac 75 (2 maglie); per 3 figli \u20ac 95 (3 maglie) dal 4\u00b0 figlio iscrizione gartuita. Il contributo non include le uscite n\u00e8 la mensa (buono pasto giornaliero: \u20ac 1,50). Per un ulteriore maglietta il costo \u00e8 di \u20ac 5.<\/p>\n<p>&nbsp;<\/p>\n<p style=\"text-align: center;\"><b>S. AGATA <\/b><b>(Via IV Novembre, 6)<\/b><\/p>\n<p><b>\u00a0<\/b><b>DAL 10 AL 28 GIUGNO &#8211; <\/b>solo al pomeriggio <b>dalle ore 13.30\/14.00 alle ore 17.30<\/b><\/p>\n<p><b>\u00a0<\/b><b>\u25ba<\/b><span style=\"text-decoration: underline;\">ISCRIZIONI<\/span>: si riceveranno in Oratorio nelle <b>domeniche<\/b> <b>19 e 26 MAGGIO <\/b>dalle ore 10.45 alle 11.30.<br \/>\nOccorre che la famgilia partecipi alla riunione di <b>LUNED\u00ec 3 GIUGNO<\/b>, ore 21.00, in Oratorio S. Domenico Savio.<\/p>\n<p><b>\u25ba<\/b><span style=\"text-decoration: underline;\">COSTI<\/span>: per 1 figlio \u20ac 35 (1 maglia inclusa); per 2 figli \u20ac 50 (2 maglie); per 3 figli \u20ac 70 (3 maglie). Il contributo non include le uscite. Per un ulteriore maglietta il costo \u00e8 di \u20ac 5.<\/p>\n","protected":false},"excerpt":{"rendered":"<p>&#8220;S. DOMENICO SAVIO&#8221; (Via Card. Ferrari, 2)\u00a0 DAL 10 GIUGNO AL 12 LUGLIO &#8211; dalle ore 7.30\/9.20 alle ore 17.30 \u00a0\u25baISCRIZIONI: ritirare e consegnare compilato l&#8217;apposito modulo disponibile in Segreteria dell&#8217;Oratorio dal luned\u00ec al venerd\u00ec (ore 16.30-18.30) entro e non oltre LUNED\u00ec 3 GIUGNO, giorno in cui ci sar\u00e0 anche la RIUNIONE per tutte le [&hellip;]<\/p>\n","protected":false},"author":2,"featured_media":0,"comment_status":"closed","ping_status":"open","sticky":false,"template":"","format":"standard","meta":{"footnotes":""},"categories":[23],"tags":[],"class_list":{"0":"post-6101","1":"post","2":"type-post","3":"status-publish","4":"format-standard","6":"category-avvisi"},"_links":{"self":[{"href":"https:\/\/comunitapastoralecassina.org\/ver2\/wp-json\/wp\/v2\/posts\/6101","targetHints":{"allow":["GET"]}}],"collection":[{"href":"https:\/\/comunitapastoralecassina.org\/ver2\/wp-json\/wp\/v2\/posts"}],"about":[{"href":"https:\/\/comunitapastoralecassina.org\/ver2\/wp-json\/wp\/v2\/types\/post"}],"author":[{"embeddable":true,"href":"https:\/\/comunitapastoralecassina.org\/ver2\/wp-json\/wp\/v2\/users\/2"}],"replies":[{"embeddable":true,"href":"https:\/\/comunitapastoralecassina.org\/ver2\/wp-json\/wp\/v2\/comments?post=6101"}],"version-history":[{"count":3,"href":"https:\/\/comunitapastoralecassina.org\/ver2\/wp-json\/wp\/v2\/posts\/6101\/revisions"}],"predecessor-version":[{"id":6103,"href":"https:\/\/comunitapastoralecassina.org\/ver2\/wp-json\/wp\/v2\/posts\/6101\/revisions\/6103"}],"wp:attachment":[{"href":"https:\/\/comunitapastoralecassina.org\/ver2\/wp-json\/wp\/v2\/media?parent=6101"}],"wp:term":[{"taxonomy":"category","embeddable":true,"href":"https:\/\/comunitapastoralecassina.org\/ver2\/wp-json\/wp\/v2\/categories?post=6101"},{"taxonomy":"post_tag","embeddable":true,"href":"https:\/\/comunitapastoralecassina.org\/ver2\/wp-json\/wp\/v2\/tags?post=6101"}],"curies":[{"name":"wp","href":"https:\/\/api.w.org\/{rel}","templated":true}]}}