{"id":7299,"date":"2015-10-01T17:04:56","date_gmt":"2015-10-01T15:04:56","guid":{"rendered":"http:\/\/comunitapastoralecassina.org\/ver2\/?p=7299"},"modified":"2015-10-01T17:04:56","modified_gmt":"2015-10-01T15:04:56","slug":"festa-oratorio-pronti-partenza-e-via-inizia-un-cammino-come-gesu","status":"publish","type":"post","link":"https:\/\/comunitapastoralecassina.org\/ver2\/2015\/10\/festa-oratorio-pronti-partenza-e-via-inizia-un-cammino-come-gesu\/","title":{"rendered":"Festa oratorio: pronti, partenza e via! Inizia un cammino \u201ccome Ges\u00f9\u201d"},"content":{"rendered":"<p>Sar\u00e0 Ges\u00f9 il primo \u00ab<strong>educatore<\/strong>\u00bb, parler\u00e0 al cuore di tutti noi con la verit\u00e0 che proviene dalla sua stessa vita e ci dimostrer\u00e0, ancora una volta, tutto il suo amore. Avere il suo \u00ab<strong>pensiero<\/strong>\u00bb significa avere anche i suoi <strong>stessi sentimenti<\/strong>, \u00e8 sforzarsi ogni giorno di donare, perdonare, mettersi al servizio, vivere pienamente la gioia della comunione, disposti anche al sacrificio, pur di amare senza misura. Non \u00e8 una pretesa quella di indicare ai ra- gazzi a noi affidati la strada dell\u2019imitazione di Ges\u00f9. Per questo nell\u2019anno oratoriano 2015-2016 useremo lo slogan \u00ab<strong>Come Ges\u00f9<\/strong>\u00bb.<\/p>\n<p>Si pu\u00f2 davvero vivere, amare, desiderare, perdonare, servire \u00abcome Ges\u00f9\u00bb perch\u00e9 \u00e8 lui stesso a darci questa possibilit\u00e0 (\u00e8 Lui che ci ama per primo, colmando ogni distanza fra lui e noi).<\/p>\n<h2><strong>Un <\/strong><strong>esercizio<\/strong><\/h2>\n<p>Un esercizio che consegno a tutti, come parroco, iniziando un nuovo anno oratoriano \u00e8 questo: sarebbe bello che l\u2019interrogativo \u2013 \u201c<strong>Come farebbe Ges\u00f9?<\/strong>\u201d \u2013 diventasse il <strong>criterio <\/strong>con cui giudicare la realt\u00e0, valutare le proprie scelte, educare le proprie abitudini, sforzandosi ogni giorno di pi\u00f9 di confrontarsi non solo con il \u00abpensiero di Cristo\u00bb ma con Ges\u00f9 stesso in tutta la sua persona.<\/p>\n<h2><strong>Un augurio<\/strong><\/h2>\n<p>Papa Francesco, incontrando i ragazzi degli oratori nella sua visita a Torino, la scorsa estate, ha detto: <em>\u00abnon dimenticatevi che una delle caratteristiche del vero oratoriano \u00e8 la gioia. Un oratoriano con la faccia triste, con la faccia \u201call\u2019aceto\u201d, non va\u2026 Gioia, molta gioia. E con questa gioia cercare Ges\u00f9, amare Ges\u00f9, lasciarsi cercare da Ges\u00f9 e incontrarlo tutti i giorni\u00bb.<\/em><\/p>\n<p>Gioia e oratorio fanno parte dello stesso binomio. <strong>San Domenico Savio <\/strong>(protettore del nostro Oratorio!) \u2013 ra- gazzo santo dell\u2019oratorio che ha imparato a desiderare la santit\u00e0 proprio in oratorio \u2013 gi\u00e0 lo diceva circa cento- sessanta anni fa: <em>\u00abQui facciamo consistere la santit\u00e0 nello stare molto allegri\u00bb. <\/em><strong>I santi <\/strong>sono coloro che nella vita si sono fatti spesso la domanda: \u201cCosa farebbe Ges\u00f9?\u201d, cercando di assomigliare al Maestro, di essere in fondo \u00abcome Ges\u00f9\u00bb.<\/p>\n<p>In Oratorio ci si possa davvero allenare alla \u00ab<strong>santit\u00e0<\/strong>\u00bb!<\/p>\n<p style=\"text-align: right;\">don Massimo<\/p>\n","protected":false},"excerpt":{"rendered":"<p>Sar\u00e0 Ges\u00f9 il primo \u00abeducatore\u00bb, parler\u00e0 al cuore di tutti noi con la verit\u00e0 che proviene dalla sua stessa vita e ci dimostrer\u00e0, ancora una volta, tutto il suo amore. Avere il suo \u00abpensiero\u00bb significa avere anche i suoi stessi sentimenti, \u00e8 sforzarsi ogni giorno di donare, perdonare, mettersi al servizio, vivere pienamente la gioia [&hellip;]<\/p>\n","protected":false},"author":2,"featured_media":0,"comment_status":"closed","ping_status":"open","sticky":false,"template":"","format":"standard","meta":{"footnotes":""},"categories":[19],"tags":[],"class_list":{"0":"post-7299","1":"post","2":"type-post","3":"status-publish","4":"format-standard","6":"category-prima-pagina"},"_links":{"self":[{"href":"https:\/\/comunitapastoralecassina.org\/ver2\/wp-json\/wp\/v2\/posts\/7299","targetHints":{"allow":["GET"]}}],"collection":[{"href":"https:\/\/comunitapastoralecassina.org\/ver2\/wp-json\/wp\/v2\/posts"}],"about":[{"href":"https:\/\/comunitapastoralecassina.org\/ver2\/wp-json\/wp\/v2\/types\/post"}],"author":[{"embeddable":true,"href":"https:\/\/comunitapastoralecassina.org\/ver2\/wp-json\/wp\/v2\/users\/2"}],"replies":[{"embeddable":true,"href":"https:\/\/comunitapastoralecassina.org\/ver2\/wp-json\/wp\/v2\/comments?post=7299"}],"version-history":[{"count":1,"href":"https:\/\/comunitapastoralecassina.org\/ver2\/wp-json\/wp\/v2\/posts\/7299\/revisions"}],"predecessor-version":[{"id":7300,"href":"https:\/\/comunitapastoralecassina.org\/ver2\/wp-json\/wp\/v2\/posts\/7299\/revisions\/7300"}],"wp:attachment":[{"href":"https:\/\/comunitapastoralecassina.org\/ver2\/wp-json\/wp\/v2\/media?parent=7299"}],"wp:term":[{"taxonomy":"category","embeddable":true,"href":"https:\/\/comunitapastoralecassina.org\/ver2\/wp-json\/wp\/v2\/categories?post=7299"},{"taxonomy":"post_tag","embeddable":true,"href":"https:\/\/comunitapastoralecassina.org\/ver2\/wp-json\/wp\/v2\/tags?post=7299"}],"curies":[{"name":"wp","href":"https:\/\/api.w.org\/{rel}","templated":true}]}}