{"id":7329,"date":"2015-10-15T16:13:59","date_gmt":"2015-10-15T14:13:59","guid":{"rendered":"http:\/\/comunitapastoralecassina.org\/ver2\/?p=7329"},"modified":"2015-10-15T16:13:59","modified_gmt":"2015-10-15T14:13:59","slug":"la-missione-e-passione-per-gesu-cristo-e-nello-stesso-tempo-e-passione-per-la-gente","status":"publish","type":"post","link":"https:\/\/comunitapastoralecassina.org\/ver2\/2015\/10\/la-missione-e-passione-per-gesu-cristo-e-nello-stesso-tempo-e-passione-per-la-gente\/","title":{"rendered":"La missione \u00e8 passione per Ges\u00f9 Cristo e nello stesso tempo \u00e8 passione per la gente"},"content":{"rendered":"<p>Tradizionalmente il mese di ottobre \u00e8 dedicato alla \u201cmissione\u201d, alla <em>riflessione<\/em> sul mandato di Ges\u00f9 di andare in tutto il mondo ad annunciare il Vangelo, alla <em>preghiera<\/em> e al <em>sostegno<\/em> per quanti si trovano in \u201cprima linea\u201d.<\/p>\n<p>Celebrare il mese missionario e la Giornata Missionaria Mondiale (per la nostra Diocesi il 25 ottobre, domenica del Mandato Missionario) non \u00e8 imposizione di una fede, non proselitismo, non aiuto interessato ai poveri perch\u00e9 si convertano; ma prima di tutto (l\u2019annuncio cristiano) \u00e8 una testimonianza di vita che ognuno di noi deve offrire personalmente (diceva bene il beato papa Paolo VI: <em>\u201cl\u2019uomo contemporaneo ascolta pi\u00f9 volentieri i testimoni che i maestri\u201d<\/em>). Infatti quanti uomini e donne (vicini a noi) magari distanti dalla Chiesa spesso sono toccati dall\u2019esempio di quanti dedicano la loro vita agli ammalati, ai poveri e sono pronti a lasciare la casa, gli amici, il proprio paese per andare nei luoghi di frontiera ad offrire aiuto e vicinanza agli ultimi.<\/p>\n<p>Ma soprattutto la testimonianza che Ges\u00f9 richiede \u00e8 quella di tutta una comunit\u00e0 che mostri la verit\u00e0 del Vangelo. Essa deve far vedere che la vita da Lui portata pu\u00f2 realmente generare rapporti di autentica fraternit\u00e0, di aiuto e servizio vicendevole, di attenzione a chi \u00e8 pi\u00f9 fragile ed ha maggiormente bisogno. Papa Francesco nel Messaggio per questa Giornata Missionaria Mondiale scrive: <em>\u201cQuando sostiamo in preghiera davanti a Ges\u00f9 crocifisso, riconosciamo la grandezza del suo amore che ci d\u00e0 dignit\u00e0 e ci sostiene; e nello stesso momento percepiamo che quell\u2019amore che parte dal suo cuore trafitto si estende a tutto il popolo di Dio e all\u2019umanit\u00e0 intera\u201d<\/em>.<\/p>\n<p>Nei prossimi giorni avremo modo di vivere in pienezza la nostra preparazione alla Domenica del mandato missionario, <em>pregando<\/em>, <em>riflettendo<\/em> e <em>partecipando<\/em>.<\/p>\n<p><strong>Pregando<\/strong>: Un momento di Adorazione Eucaristica <em>\u201cContemplazione e Missione\u201d<\/em> guidati dalle <strong><em>Suore Missionarie di Ges\u00f9 Eterno sacerdote<\/em><\/strong> (<u>gioved\u00ec 22 ottobre<\/u>, ore 21.00 in Chiesa Santa Maria Ausiliatrice)<\/p>\n<p><strong>Riflettendo<\/strong>: Con la presenza in mezzo a noi del nostro Vicario Generale, <strong><em>mons. Mario Delpini<\/em><\/strong>, che ci provocher\u00e0 con il tema: <em>\u201cLa Comunit\u00e0 Pastorale e il volto di una Chiesa in uscita\u201d <\/em>(<u>venerd\u00ec 23 ottobre<\/u>, ore 21.00 in Chiesa Santa Maria Ausiliatrice)<\/p>\n<p><strong>Partecipando<\/strong>: alla <em>Veglia Missionaria diocesana<\/em> dove <strong><em>don Paolo Mandelli<\/em><\/strong> ricever\u00e0 il Crocifisso (<u>sabato 24 ottobre<\/u>, ore 20.00 Basilica S. Eustorgio Milano \u2013 <u>partenza da Stazione Metropolitana ore 18.30<\/u>); ed anche partecipando all\u2019<strong><em>Ingresso Ufficiale <\/em><\/strong>del mio ministero come parroco e di tutta la Diaconia (don Fabio, don Bangaly e don Silvio) <u>domenica 25 ottobre<\/u> (ore 15.30 ) alla presenza del nostro Vicario Episcopale mons. Piero Cresseri e di tanti altri sacerdoti. Vivendo insieme questi prossimi giorni (pregando, riflettendo e partecipando) facciamo tesoro delle parole di Papa Francesco: <em>\u201cIn virt\u00f9 del Battesimo noi diventiamo discepoli missionari, chiamati a portare il Vangelo nel mondo\u201d.<\/em><\/p>\n<p>Don Massimo<\/p>\n","protected":false},"excerpt":{"rendered":"<p>Tradizionalmente il mese di ottobre \u00e8 dedicato alla \u201cmissione\u201d, alla riflessione sul mandato di Ges\u00f9 di andare in tutto il mondo ad annunciare il Vangelo, alla preghiera e al sostegno per quanti si trovano in \u201cprima linea\u201d. Celebrare il mese missionario e la Giornata Missionaria Mondiale (per la nostra Diocesi il 25 ottobre, domenica del [&hellip;]<\/p>\n","protected":false},"author":2,"featured_media":0,"comment_status":"closed","ping_status":"open","sticky":false,"template":"","format":"standard","meta":{"footnotes":""},"categories":[19],"tags":[],"class_list":{"0":"post-7329","1":"post","2":"type-post","3":"status-publish","4":"format-standard","6":"category-prima-pagina"},"_links":{"self":[{"href":"https:\/\/comunitapastoralecassina.org\/ver2\/wp-json\/wp\/v2\/posts\/7329","targetHints":{"allow":["GET"]}}],"collection":[{"href":"https:\/\/comunitapastoralecassina.org\/ver2\/wp-json\/wp\/v2\/posts"}],"about":[{"href":"https:\/\/comunitapastoralecassina.org\/ver2\/wp-json\/wp\/v2\/types\/post"}],"author":[{"embeddable":true,"href":"https:\/\/comunitapastoralecassina.org\/ver2\/wp-json\/wp\/v2\/users\/2"}],"replies":[{"embeddable":true,"href":"https:\/\/comunitapastoralecassina.org\/ver2\/wp-json\/wp\/v2\/comments?post=7329"}],"version-history":[{"count":1,"href":"https:\/\/comunitapastoralecassina.org\/ver2\/wp-json\/wp\/v2\/posts\/7329\/revisions"}],"predecessor-version":[{"id":7330,"href":"https:\/\/comunitapastoralecassina.org\/ver2\/wp-json\/wp\/v2\/posts\/7329\/revisions\/7330"}],"wp:attachment":[{"href":"https:\/\/comunitapastoralecassina.org\/ver2\/wp-json\/wp\/v2\/media?parent=7329"}],"wp:term":[{"taxonomy":"category","embeddable":true,"href":"https:\/\/comunitapastoralecassina.org\/ver2\/wp-json\/wp\/v2\/categories?post=7329"},{"taxonomy":"post_tag","embeddable":true,"href":"https:\/\/comunitapastoralecassina.org\/ver2\/wp-json\/wp\/v2\/tags?post=7329"}],"curies":[{"name":"wp","href":"https:\/\/api.w.org\/{rel}","templated":true}]}}