{"id":7373,"date":"2015-10-30T11:27:18","date_gmt":"2015-10-30T10:27:18","guid":{"rendered":"http:\/\/comunitapastoralecassina.org\/ver2\/?p=7373"},"modified":"2015-10-30T11:27:18","modified_gmt":"2015-10-30T10:27:18","slug":"appunti-dal-sinodo-la-famiglia-e-un-soggetto-di-annuncio-quotidiano-di-cristo","status":"publish","type":"post","link":"https:\/\/comunitapastoralecassina.org\/ver2\/2015\/10\/appunti-dal-sinodo-la-famiglia-e-un-soggetto-di-annuncio-quotidiano-di-cristo\/","title":{"rendered":"Appunti dal Sinodo: La famiglia \u00e8 un soggetto di annuncio quotidiano di Cristo"},"content":{"rendered":"<p>Carissime e carissimi,<\/p>\n<p>dopo una settimana in cui hanno riflettuto e discusso a lungo, nell\u2019ascolto reciproco e nel confronto, per proporre modifiche migliorative all\u2019<em>Istrumentum laboris<\/em> iniziale, i relatori dei 13 gruppi hanno presentato in aula a tutti i Padri Sinodali una sintesi del loro lavoro. E tutti hanno messo in evidenza un tema che io giudico il grande risultato di questo Sinodo, in attesa che il Santo Padre si pronunci nei modi e nei tempi che riterr\u00e0 opportuni.<\/p>\n<p>Sinteticamente lo si pu\u00f2 dire cos\u00ec: \u00abla famiglia \u00e8 un soggetto di annuncio quotidiano di Cristo\u00bb. \u00c8 questo un altro modo di proporre la formula tradizionale \u00abfamiglia Chiesa domestica\u00bb.<\/p>\n<p>Cosa significa, in concreto, parlare della famiglia come soggetto, come Chiesa domestica? Significa invitare a esprimere nella vita quotidiana della famiglia quel modo di vedere le cose, di concepire le relazioni, di affrontare tutte le circostanze che faccia trasparire la positivit\u00e0 del pensiero e dei sentimenti di Cristo.<\/p>\n<p>In questa prospettiva anche le definizioni di famiglia come Chiesa domestica o come cellula fondamentale della societ\u00e0 sono destinate a riprendere consistenza, cos\u00ec che l\u2019influsso sulla vita della Chiesa si faccia pi\u00f9 marcato e visibile e ne scaturisca, nella societ\u00e0 civile nel rispetto della libert\u00e0 di tutti, uno stile di vita realmente improntato al bene comune.<\/p>\n<p>In concreto occorre che in ogni famiglia ci si aiuti tutti &#8211; il pap\u00e0, la mamma, i figli, i fratelli, le sorelle, i nonni, i parenti, gli amici, i vicini&#8230; &#8211; a valutare tutto ci\u00f2 che succede, facendo anche dei gesti semplici di preghiera insieme al mattino, all\u2019ora dei pasti, alla sera&#8230; per affrontare le gioie e i dolori che in ogni famiglia si vivono, per dare risposta convincente ai problemi e alle fatiche che si incontrano tra gli sposi o con i figli.<\/p>\n<p>Questa sar\u00e0 anche la strada per valorizzare finalmente i laici nella vita della Chiesa. Saranno infatti loro per primi (e in questo insostituibili) a documentare tutta la forza che la famiglia fondata sul matrimonio &#8211; come rapporto fedele e aperto alla vita tra un uomo e una donna &#8211; possiede, fino a influire sui principali settori della vita associata. Penso, per esempio, alle questioni decisive dell&#8217;educazione, della condivisione di chi \u00e8 nel bisogno, alla capacit\u00e0 di affrontare il dolore, la malattia e la morte, all&#8217;attenzione da portare agli anziani, a come rendere la convivenza civile pi\u00f9 carica di giustizia e di equit\u00e0. La famiglia deve quindi emergere come soggetto responsabile a partire dalla vita stessa che in essa si svolge.<\/p>\n<p>E questo pu\u00f2 accadere dove la Pastorale Familiare incontra le famiglie, per esempio riunendone tre o quattro in una casa, suscitando un atteggiamento creativo e positivo che aiuter\u00e0 a superare la persistente frattura tra la fede e la vita. La famiglia diventa cos\u00ec grembo privilegiato del grande dono della Misericordia del Padre, il Figlio di Dio incarnato.<\/p>\n<p>Il Sinodo, ormai concluso, rappresenter\u00e0 un contributo notevole per la vita della Chiesa \u201ccattolica\u201d, pluriforme nell\u2019unit\u00e0, e per delle diverse culture e societ\u00e0.<\/p>\n<p>Vi invito ad aggiungere alla recita del Rosario e alla pratica delle opere di misericordia, l&#8217;impegno a vivere bene l&#8217;ormai prossimo Avvento. Per chi pu\u00f2 e lo desidera richiamo che nelle sei domeniche precedenti il Natale l\u2019arcivescovo celebrer\u00e0 in Duomo alle 17.30.<\/p>\n<p><strong>Card. ANGELO SCOLA<\/strong><\/p>\n<p><strong>Arcivescovo di Milano<\/strong><\/p>\n","protected":false},"excerpt":{"rendered":"<p>Carissime e carissimi, dopo una settimana in cui hanno riflettuto e discusso a lungo, nell\u2019ascolto reciproco e nel confronto, per proporre modifiche migliorative all\u2019Istrumentum laboris iniziale, i relatori dei 13 gruppi hanno presentato in aula a tutti i Padri Sinodali una sintesi del loro lavoro. E tutti hanno messo in evidenza un tema che io [&hellip;]<\/p>\n","protected":false},"author":2,"featured_media":0,"comment_status":"closed","ping_status":"open","sticky":false,"template":"","format":"standard","meta":{"footnotes":""},"categories":[19],"tags":[],"class_list":{"0":"post-7373","1":"post","2":"type-post","3":"status-publish","4":"format-standard","6":"category-prima-pagina"},"_links":{"self":[{"href":"https:\/\/comunitapastoralecassina.org\/ver2\/wp-json\/wp\/v2\/posts\/7373","targetHints":{"allow":["GET"]}}],"collection":[{"href":"https:\/\/comunitapastoralecassina.org\/ver2\/wp-json\/wp\/v2\/posts"}],"about":[{"href":"https:\/\/comunitapastoralecassina.org\/ver2\/wp-json\/wp\/v2\/types\/post"}],"author":[{"embeddable":true,"href":"https:\/\/comunitapastoralecassina.org\/ver2\/wp-json\/wp\/v2\/users\/2"}],"replies":[{"embeddable":true,"href":"https:\/\/comunitapastoralecassina.org\/ver2\/wp-json\/wp\/v2\/comments?post=7373"}],"version-history":[{"count":1,"href":"https:\/\/comunitapastoralecassina.org\/ver2\/wp-json\/wp\/v2\/posts\/7373\/revisions"}],"predecessor-version":[{"id":7374,"href":"https:\/\/comunitapastoralecassina.org\/ver2\/wp-json\/wp\/v2\/posts\/7373\/revisions\/7374"}],"wp:attachment":[{"href":"https:\/\/comunitapastoralecassina.org\/ver2\/wp-json\/wp\/v2\/media?parent=7373"}],"wp:term":[{"taxonomy":"category","embeddable":true,"href":"https:\/\/comunitapastoralecassina.org\/ver2\/wp-json\/wp\/v2\/categories?post=7373"},{"taxonomy":"post_tag","embeddable":true,"href":"https:\/\/comunitapastoralecassina.org\/ver2\/wp-json\/wp\/v2\/tags?post=7373"}],"curies":[{"name":"wp","href":"https:\/\/api.w.org\/{rel}","templated":true}]}}