{"id":7383,"date":"2015-11-05T14:33:40","date_gmt":"2015-11-05T13:33:40","guid":{"rendered":"http:\/\/comunitapastoralecassina.org\/ver2\/?p=7383"},"modified":"2015-11-05T14:33:40","modified_gmt":"2015-11-05T13:33:40","slug":"cammino-di-avvento-nella-nostra-comunita","status":"publish","type":"post","link":"https:\/\/comunitapastoralecassina.org\/ver2\/2015\/11\/cammino-di-avvento-nella-nostra-comunita\/","title":{"rendered":"Cammino di Avvento nella nostra Comunit\u00e0"},"content":{"rendered":"<h3><strong><u>La PAROLA<\/u><\/strong><\/h3>\n<p>Nelle nostre tre Chiese il <strong>Lezionario<\/strong> (terminata la Messa) sar\u00e0 messo in fondo alla Chiesa, con la possibilit\u00e0 di rileggere la Parola di Dio del giorno.<\/p>\n<p>Durante le SS.Messe quotidiane ci sar\u00e0 una <strong>breve riflessione <\/strong>sulla Parola di Dio ascoltata.<\/p>\n<p><strong>Gruppi di Ascolto<\/strong>, al luned\u00ec sera, sulla Parola di Dio della Domenica e sulla Lettera Pastorale dell\u2019Arcivescovo \u201cEducarsi al pensiero di Cristo\u201d.<\/p>\n<p>Primo incontro per tutti <strong>luned\u00ec 16 novembre, ore 21.00 <\/strong>Chiesa di Nativit\u00e0 di Maria Vergine (in base al numero dei partecipanti ci si organizzer\u00e0 per gli altri incontri settimanali).<\/p>\n<h3><strong><u>La PREGHIERA<\/u><\/strong><\/h3>\n<p><strong>Il \u201cMARTEDI\u2019\u2026..NELL\u2019ATTESA DI GESU\u2019\u201d!<\/strong><\/p>\n<ul>\n<li><strong>Ore 6.30<\/strong>Messa, nella Cappellina dell\u2019Oratorio San Domenico Savio, per<strong> studenti<\/strong> e <strong>lavoratori <\/strong>con breve \u201cprovocazione\u201d per la giornata.<\/li>\n<li><strong>Ore 8.10<\/strong> Preghiera animata, nella Cappellina dell\u2019Oratorio San Domenico Savio, per gli <strong>alunni delle Scuole<\/strong>\u2026 (al termine saranno accompagnati a Scuola da don Massimo e don Fabio).<\/li>\n<\/ul>\n<h3><strong><u>L\u2019ADORAZIONE EUCARISTICA<\/u><\/strong><\/h3>\n<p><strong>Ogni Venerd\u00ec<\/strong> di Avvento la possibilit\u00e0 di vivere un momento di Adorazione silenziosa con la presenza di un sacerdote per le Confessioni:<\/p>\n<ul>\n<li>In <strong> Maria Ausiliatrice<\/strong> , terminata la S.Messa delle ore 8.30 (fino alle ore 10.00)<\/li>\n<li>In <strong>Nativit\u00e0 di Maria Vergine<\/strong>, terminata la S.Messa delle ore 8.00 (fino alle ore 9.00)<\/li>\n<li>In <strong> Agata V. e M.<\/strong>, prima della S.Messa delle ore 17.00 (dalle ore 16.00)<\/li>\n<li>In <strong>Cappellina dell\u2019Oratorio<\/strong> San Domenico Savio <u>(<\/u>dalle ore 21.00 alle ore 22.00)<\/li>\n<\/ul>\n<h3><strong><u>La CONFESSIONE<\/u><\/strong><\/h3>\n<p>Oltre al momento quotidiano (prima o dopo la S.Messa, chiedendo al prete celebrante) sar\u00e0 possibile confessarsi anche durante l\u2019Adorazione del Venerd\u00ec e soprattutto al sabato in questi orari:<\/p>\n<ul>\n<li><strong> Maria Ausiliatrice <\/strong>Ogni sabato: 8.00 \u2013 9.30; 16.30-19.00<\/li>\n<li><strong>Nativit\u00e0 di Maria Vergine <\/strong>Il 2^ e il 4^ sabato del mese: 14.30 \u2013 16.30<\/li>\n<li><strong>Agata V. e M. <\/strong>Il 1^ e il 3^ sabato del mese 14.30 \u2013 15.30.<\/li>\n<\/ul>\n<h3><strong><u>La DOMENICA INSIEME in RITIRO\u00a0<\/u><\/strong><strong>(genitori e figli)<\/strong><\/h3>\n<p><strong>\u00a0<\/strong><em>Programma Tipo:<br \/>\n<\/em><strong>Ore 10.00 <\/strong>S.Messa in SMA (al termine, ritrovo in Oratorio)<br \/>\n<strong>Ore 11.30 \u2013 12.30 <\/strong>Incontro per i Genitori e incontro per i figli<br \/>\n<strong>Ore 12.30 <\/strong>Pranzo di condivisione<br \/>\n<strong>Ore 13.15 <\/strong>Giochi per i figli animati dagli adolescenti<br \/>\n<strong>Ore 14.00 <\/strong>Ripresa per i figli e per i genitori<br \/>\n<strong>Ore 14.45 <\/strong>Conclusione insieme<\/p>\n<p>Domenica 15 novembre: \u00a0\u00a0\u00a0\u00a0\u00a0\u00a0 <strong>4 elementare<\/strong><\/p>\n<p>Domenica 22 novembre:\u00a0\u00a0\u00a0\u00a0\u00a0\u00a0\u00a0 <strong>5 elementare<\/strong><\/p>\n<p>Domenica 29 novembre: \u00a0\u00a0\u00a0\u00a0\u00a0\u00a0 <strong>1 media<\/strong><\/p>\n<p>Domenica 13 dicembre: \u00a0\u00a0\u00a0\u00a0\u00a0\u00a0\u00a0 <strong>3 elementare<\/strong><\/p>\n<h3><strong><u>La CARITA\u2019<\/u><\/strong><\/h3>\n<p><strong><u>Salvadanaio della carit\u00e0<\/u><\/strong>\u00a0 per il Progetto di Avvento ALBANIA.<\/p>\n<p>Alla Messa della domenica, <strong>raccolta viveri di prima necessit\u00e0<\/strong> per la nostra Caritas:<\/p>\n<ul>\n<li>15 novembre: <strong>pasta e pelati<\/strong><\/li>\n<li>22 novembre: <strong>olio e pasta<\/strong><\/li>\n<li>29 novembre: <strong>pesce in scatola<\/strong><\/li>\n<li>6 dicembre: <strong>zucchero e legumi in scatola<\/strong><\/li>\n<li>13 dicembre: <strong>riso e verdure &#8211; frutta in scatola<\/strong><\/li>\n<\/ul>\n<p>Anche nelle nostre Scuole dell\u2019Infanzia parrocchiali ci sar\u00e0 una Raccolta viveri<\/p>\n<h3><strong><u>La FRATERNITA\u2019 e l\u2019 ANIMAZIONE in ORATORIO<\/u><\/strong><\/h3>\n<p>Tutte le domeniche di Avvento (dalle ore 15.00 alle ore 17.00 in San Domenico Savio) per tutti i bambini\u00a0 e\u00a0 i ragazzi preparazione dello Spettacolo di Natale con \u201cLa Virgola di sorriso\u201d.<\/p>\n","protected":false},"excerpt":{"rendered":"<p>La PAROLA Nelle nostre tre Chiese il Lezionario (terminata la Messa) sar\u00e0 messo in fondo alla Chiesa, con la possibilit\u00e0 di rileggere la Parola di Dio del giorno. Durante le SS.Messe quotidiane ci sar\u00e0 una breve riflessione sulla Parola di Dio ascoltata. Gruppi di Ascolto, al luned\u00ec sera, sulla Parola di Dio della Domenica e [&hellip;]<\/p>\n","protected":false},"author":2,"featured_media":0,"comment_status":"closed","ping_status":"open","sticky":false,"template":"","format":"standard","meta":{"footnotes":""},"categories":[23,42],"tags":[],"class_list":{"0":"post-7383","1":"post","2":"type-post","3":"status-publish","4":"format-standard","6":"category-avvisi","7":"category-catechesi"},"_links":{"self":[{"href":"https:\/\/comunitapastoralecassina.org\/ver2\/wp-json\/wp\/v2\/posts\/7383","targetHints":{"allow":["GET"]}}],"collection":[{"href":"https:\/\/comunitapastoralecassina.org\/ver2\/wp-json\/wp\/v2\/posts"}],"about":[{"href":"https:\/\/comunitapastoralecassina.org\/ver2\/wp-json\/wp\/v2\/types\/post"}],"author":[{"embeddable":true,"href":"https:\/\/comunitapastoralecassina.org\/ver2\/wp-json\/wp\/v2\/users\/2"}],"replies":[{"embeddable":true,"href":"https:\/\/comunitapastoralecassina.org\/ver2\/wp-json\/wp\/v2\/comments?post=7383"}],"version-history":[{"count":1,"href":"https:\/\/comunitapastoralecassina.org\/ver2\/wp-json\/wp\/v2\/posts\/7383\/revisions"}],"predecessor-version":[{"id":7384,"href":"https:\/\/comunitapastoralecassina.org\/ver2\/wp-json\/wp\/v2\/posts\/7383\/revisions\/7384"}],"wp:attachment":[{"href":"https:\/\/comunitapastoralecassina.org\/ver2\/wp-json\/wp\/v2\/media?parent=7383"}],"wp:term":[{"taxonomy":"category","embeddable":true,"href":"https:\/\/comunitapastoralecassina.org\/ver2\/wp-json\/wp\/v2\/categories?post=7383"},{"taxonomy":"post_tag","embeddable":true,"href":"https:\/\/comunitapastoralecassina.org\/ver2\/wp-json\/wp\/v2\/tags?post=7383"}],"curies":[{"name":"wp","href":"https:\/\/api.w.org\/{rel}","templated":true}]}}