{"id":7389,"date":"2015-11-08T12:00:34","date_gmt":"2015-11-08T11:00:34","guid":{"rendered":"http:\/\/comunitapastoralecassina.org\/ver2\/?p=7389"},"modified":"2015-11-06T10:03:04","modified_gmt":"2015-11-06T09:03:04","slug":"giornata-diocesana-caritas-2015","status":"publish","type":"post","link":"https:\/\/comunitapastoralecassina.org\/ver2\/2015\/11\/giornata-diocesana-caritas-2015\/","title":{"rendered":"Giornata Diocesana Caritas 2015"},"content":{"rendered":"<p style=\"text-align: center;\"><a href=\"http:\/\/comunitapastoralecassina.org\/ver2\/wp-content\/uploads\/CARITAS-Giornata-2015.pdf\">Volantino Giornata CARITAS 2015<\/a><\/p>\n<p>Nella annuale festa liturgica di Cristo Re si celebra con tutti voi, come consuetudine, la Giornata diocesana della Caritas.<\/p>\n<p>Si sono da pochi giorni spenti i riflettori sull\u2019EXPO di Milano che aveva come tema \u201cNutrire il pianeta, energia per la vita\u201d. Tutto il mondo ne ha parlato e noi Cristiani ci siamo sentiti coinvolti per avere la possibilit\u00e0 di prendere la parola e riflettere sulla sobriet\u00e0, sulle conseguenze della mancanza di cibo,sulla necessit\u00e0 di cambiare le cose cominciando concretamente dalle abitudini alimentari di ciascuno di noi.<\/p>\n<p>Inoltre tra pochi giorni inizier\u00e0 lo straordinario anno giubilare, voluto da Papa Francesco, che avr\u00e0 come tema la misericordia.<\/p>\n<p>In questo anno potremo fare l\u2019esperienza di aprire il cuore a quanti vivono nelle pi\u00f9 disperate periferie della vita, che spesso il mondo moderno crea in modo drammatico. Quante situazioni di precariet\u00e0 e sofferenza ci sono vicine! Quante ferite sono presenti in coloro che non hanno pi\u00f9 voce perch\u00e9 il loro grido si \u00e8 affievolito a causa della nostra indifferenza! E\u2019 questo il momento di curarle con la solidariet\u00e0 e l\u2019attenzione dovuta.<\/p>\n<p>La nostra Caritas cittadina ha sempre cercato di essere fedele a questo mandato preoccupandosi nelle relazioni di ascolto di offrire anche un \u201cpane\u201d diverso, un pane in grado di sfamare <u>quel bisogno che alberga nel cuore di ogni uomo e che nessuna borsa della spesa e nessuna bolletta della luce pagata riesce a soddisfare: il bisogno di essere visti!!<\/u><\/p>\n<p>Anche piccoli gesti quotidiani possono bastare e hanno grande valore! Rivolgere una parola, un saluto, un \u201cbuongiorno\u201d o un sorriso non ci costano niente ma possono dare speranza, aprire strade, cambiare la vita ad una persona che vive nell\u2019invisibilit\u00e0 \u2026 e anche cambiare la nostra vita.<\/p>\n<p>Quest\u2019anno, come Caritas cittadina, abbiamo incontrato circa 400 persone delle quali oltre il 50% cassinesi italiani. Ma il nostro compito non \u00e8 solo quello di distribuire abiti e viveri. Dobbiamo sostenere, aiutare, incoraggiare, far si che si raggiunga un risultato positivo, un\u2019autonomia.<\/p>\n<p>Per cui si fa un progetto d\u2019intervento, si crea una trama efficace di supporti, lo si discute con la famiglia, con l\u2019anziano, con il singolo che si presenta al nostro centro d\u2019ascolto e si cerca di aiutarlo, verificando, strada facendo, il percorso intrapreso.<\/p>\n<p>Non sempre le aspettative vengono premiate, anzi, spesso, occorre rivedere il progetto, ridiscutere, spronare, a volta essere duri perch\u00e9, detto fuori dei denti, quando c\u2019\u00e8 di mezzo la carit\u00e0 nulla \u00e8 semplice, ma poi risultati arrivano.<\/p>\n<p>E infatti, in questa occasione, vogliamo raccontarvi i nostri piccoli successi, i nostri \u201cfiori all\u2019occhiello\u201d perch\u00e9 parlare di ci\u00f2 che \u00e8 bello fa bene al cuore!<\/p>\n<ul>\n<li>pensionati anziani che con il nostro sostegno possono riappropriarsi di una vita dignitosa;<\/li>\n<li>famiglie che annaspano e grazie alla vostra fedele generosit\u00e0 si sono risollevate e camminano con le loro forze adottando un giusto stile di vita;<\/li>\n<li>giovani che grazie ad un provvidenziale lavoro possono garantire un sicuro anche se modesto contributo alla famiglia;<\/li>\n<li>ragazzi che sostenuti sin da piccoli hanno completato tutto il percorso di studi arrivando a volte sino all\u2019universit\u00e0;<\/li>\n<li>persone che grazie a un nostro micro progetto di lavoro possono contare su un modesto ma sicuro contributo economico.<\/li>\n<\/ul>\n<p>Accanto a questi felici casi ci sono quelli irrisolvibili che nonostante la nostra tenacia, fantasia, fedelt\u00e0 nell\u2019impegno non producono alcun effetto. Il rischio \u00e8 di considerarli semplicemente un caso sociale e una preoccupazione. La tentazione di gettare la spugna fa capolino, ma non li si pu\u00f2 abbandonare. Si soffre, si fa fatica, ci si interroga sui perch\u00e9 dei fallimenti, ma non si pu\u00f2 cadere nell\u2019indifferenza nel pensare che questo caso non ci riguarda pi\u00f9, non ci interessa, non \u00e8 affare nostro!<\/p>\n<p>La fantasia dell\u2019amore ci fa uscire da questo vicolo cieco, inaugurando altre attese e vivere fino in fondo ci\u00f2 che \u00e8 umano per continuare la sfida che \u00e8 il nostro SI alla vita.<\/p>\n<p>Dio pu\u00f2 tutto, ma ha preferito contare proprio su questo nostro SI.<\/p>\n<p>&nbsp;<\/p>\n<p><strong>Rendiconto anno pastorale 2014-2015<\/strong><\/p>\n<table width=\"100%\">\n<tbody>\n<tr>\n<td width=\"37%\"><strong><em>ENTRATE<\/em><\/strong><\/td>\n<td width=\"13%\"><\/td>\n<td width=\"29%\">&nbsp;<\/td>\n<td width=\"18%\">&nbsp;<\/td>\n<\/tr>\n<tr>\n<td width=\"37%\">Offerte e donazioni<\/td>\n<td width=\"13%\">\n<p style=\"text-align: right;\">2.360,90<\/p>\n<\/td>\n<td width=\"29%\">&nbsp;<\/td>\n<td width=\"18%\">&nbsp;<\/td>\n<\/tr>\n<tr>\n<td width=\"37%\">Offerte Confraternita del Rosario<\/td>\n<td width=\"13%\">\n<p style=\"text-align: right;\">600,00<\/p>\n<\/td>\n<td width=\"29%\">&nbsp;<\/td>\n<td width=\"18%\">&nbsp;<\/td>\n<\/tr>\n<tr>\n<td width=\"37%\">Progetto FAMIGLIA<\/td>\n<td width=\"13%\">\n<p style=\"text-align: right;\">19.482,00<\/p>\n<\/td>\n<td width=\"29%\">&nbsp;<\/td>\n<td width=\"18%\">&nbsp;<\/td>\n<\/tr>\n<tr>\n<td width=\"37%\"><strong>Totale<\/strong><\/td>\n<td width=\"13%\">\n<p style=\"text-align: right;\"><strong>22.442,90 <\/strong><\/p>\n<\/td>\n<td width=\"29%\">&nbsp;<\/td>\n<td width=\"18%\">&nbsp;<\/td>\n<\/tr>\n<tr>\n<td width=\"37%\">&nbsp;<\/td>\n<td width=\"13%\">&nbsp;<\/td>\n<td width=\"29%\">&nbsp;<\/td>\n<td width=\"18%\">&nbsp;<\/td>\n<\/tr>\n<tr>\n<td width=\"37%\">\n<p style=\"text-align: center;\">\n<\/td>\n<td style=\"text-align: center;\" width=\"13%\">&nbsp;<\/td>\n<td colspan=\"2\" width=\"48%\">\n<p style=\"text-align: center;\"><strong>siamo intervenuti su<\/strong><\/p>\n<\/td>\n<\/tr>\n<tr>\n<td width=\"37%\"><strong><em>USCITE<\/em><\/strong><\/td>\n<td width=\"13%\">&nbsp;<\/td>\n<td width=\"29%\">\n<p style=\"text-align: center;\"><strong>n. interventi<\/strong><\/p>\n<\/td>\n<td width=\"18%\">\n<p style=\"text-align: center;\"><strong>n. famiglie<\/strong><\/p>\n<\/td>\n<\/tr>\n<tr>\n<td width=\"37%\">Bollette luce, gas<\/td>\n<td width=\"13%\">\n<p style=\"text-align: right;\">9.130,43<\/p>\n<\/td>\n<td width=\"29%\">\n<p style=\"text-align: center;\">64<\/p>\n<\/td>\n<td width=\"18%\">17 di cui 9 cassinesi italiani<\/td>\n<\/tr>\n<tr>\n<td width=\"37%\">Pasti a domicilio<\/td>\n<td width=\"13%\">\n<p style=\"text-align: right;\">504,00<\/p>\n<\/td>\n<td width=\"29%\">\n<p style=\"text-align: center;\">4<\/p>\n<\/td>\n<td width=\"18%\">1 cassinese italiano<\/td>\n<\/tr>\n<tr>\n<td width=\"37%\">Alimenti freschi a pi\u00f9 famiglie<\/td>\n<td width=\"13%\">\n<p style=\"text-align: right;\">8.634,76<\/p>\n<\/td>\n<td width=\"29%\">\n<p style=\"text-align: center;\">364<\/p>\n<\/td>\n<td width=\"18%\">12 di cui 7 cassinesi italiani<\/td>\n<\/tr>\n<tr>\n<td width=\"37%\">Contributo affitti<\/td>\n<td width=\"13%\">\n<p style=\"text-align: right;\">900,00<\/p>\n<\/td>\n<td width=\"29%\">\n<p style=\"text-align: center;\">3<\/p>\n<\/td>\n<td width=\"18%\">1<\/td>\n<\/tr>\n<tr>\n<td width=\"37%\">Ricariche telefoniche cell. Caritas<\/td>\n<td width=\"13%\">\n<p style=\"text-align: right;\">325,00<\/p>\n<\/td>\n<td width=\"29%\">&nbsp;<\/td>\n<td width=\"18%\">&nbsp;<\/td>\n<\/tr>\n<tr>\n<td width=\"37%\">Progetti ad personam &#8211; microprogetti lavoro<\/td>\n<td width=\"13%\">\n<p style=\"text-align: right;\">1.206,00<\/p>\n<\/td>\n<td width=\"29%\">\n<p style=\"text-align: center;\">33<\/p>\n<\/td>\n<td width=\"18%\">7 di cui 2 cassinesi italiani<\/td>\n<\/tr>\n<tr>\n<td width=\"37%\">Spese mediche<\/td>\n<td width=\"13%\">\n<p style=\"text-align: right;\">337,80<\/p>\n<\/td>\n<td width=\"29%\">\n<p style=\"text-align: center;\">20<\/p>\n<\/td>\n<td width=\"18%\">&nbsp;<\/td>\n<\/tr>\n<tr>\n<td width=\"37%\">Spese e interventi vari a fam.bisognose<\/td>\n<td width=\"13%\">\n<p style=\"text-align: right;\">1.190,53<\/p>\n<\/td>\n<td width=\"29%\">\n<p style=\"text-align: center;\">15<\/p>\n<\/td>\n<td width=\"18%\">&nbsp;<\/td>\n<\/tr>\n<tr>\n<td width=\"37%\"><strong>\u00a0Totale<\/strong><\/td>\n<td width=\"13%\">\n<p style=\"text-align: right;\"><strong>22.228,52 <\/strong><\/p>\n<\/td>\n<td width=\"29%\">&nbsp;<\/td>\n<td width=\"18%\">&nbsp;<\/td>\n<\/tr>\n<tr>\n<td width=\"37%\"><strong><em>RESIDUO<\/em><\/strong><\/td>\n<td width=\"13%\">\n<p style=\"text-align: right;\"><strong><em>214,38 <\/em><\/strong><\/p>\n<\/td>\n<td width=\"29%\">&nbsp;<\/td>\n<td width=\"18%\">&nbsp;<\/td>\n<\/tr>\n<\/tbody>\n<\/table>\n<p><strong><em>FAMIGLIE CHE HANNO PARTECIPATO<br \/>\n<\/em><\/strong>della Parrocchia Santa Maria Ausiliatrice\u00a0\u00a0\u00a0\u00a0\u00a0\u00a0\u00a0 \u00a0\u00a0\u00a0\u00a0\u00a0\u00a0\u00a0\u00a0\u00a0\u00a0\u00a0\u00a0\u00a0\u00a0\u00a0\u00a0\u00a0\u00a0\u00a0\u00a0\u00a0\u00a0\u00a0\u00a0\u00a0\u00a0 98<br \/>\ndella Parrocchia Sant&#8217;Agata\u00a0\u00a0\u00a0\u00a0\u00a0\u00a0\u00a0\u00a0\u00a0\u00a0\u00a0\u00a0\u00a0\u00a0\u00a0\u00a0\u00a0\u00a0\u00a0\u00a0\u00a0\u00a0\u00a0\u00a0\u00a0\u00a0\u00a0\u00a0\u00a0\u00a0\u00a0\u00a0\u00a0\u00a0\u00a0\u00a0\u00a0\u00a0\u00a0\u00a0\u00a0\u00a0\u00a0\u00a0\u00a0\u00a0\u00a0\u00a0\u00a0\u00a0\u00a0\u00a0\u00a0\u00a0\u00a0\u00a0 32<br \/>\ndella Parrocchia Nativit\u00e0 di Maria Vergine in Camporicco\u00a0\u00a0\u00a0\u00a0\u00a0\u00a0\u00a0 19<br \/>\nanonimi vari &#8211; circa\u00a0\u00a0\u00a0\u00a0\u00a0\u00a0\u00a0\u00a0\u00a0\u00a0\u00a0\u00a0\u00a0\u00a0\u00a0\u00a0\u00a0\u00a0\u00a0\u00a0\u00a0\u00a0\u00a0\u00a0\u00a0\u00a0\u00a0\u00a0\u00a0\u00a0\u00a0\u00a0\u00a0\u00a0\u00a0\u00a0\u00a0\u00a0\u00a0\u00a0\u00a0\u00a0 \u00a0\u00a0\u00a0\u00a0\u00a0\u00a0\u00a0\u00a0\u00a0\u00a0\u00a0\u00a0\u00a0\u00a0\u00a0\u00a0\u00a0\u00a0\u00a0\u00a0\u00a0\u00a0\u00a0\u00a0\u00a0\u00a0 30<br \/>\n<strong>per un totale di \u00a0\u00a0\u00a0\u00a0\u00a0\u00a0\u00a0\u00a0\u00a0\u00a0\u00a0\u00a0\u00a0\u00a0\u00a0\u00a0\u00a0\u00a0\u00a0\u00a0\u00a0\u00a0\u00a0\u00a0\u00a0\u00a0\u00a0\u00a0\u00a0\u00a0\u00a0\u00a0\u00a0\u00a0\u00a0\u00a0\u00a0\u00a0\u00a0\u00a0\u00a0\u00a0\u00a0\u00a0\u00a0\u00a0 \u00a0\u00a0\u00a0\u00a0\u00a0\u00a0\u00a0\u00a0\u00a0\u00a0\u00a0\u00a0\u00a0\u00a0\u00a0\u00a0\u00a0\u00a0\u00a0\u00a0\u00a0\u00a0\u00a0\u00a0\u00a0\u00a0 179 famiglie<\/strong><\/p>\n<p>&nbsp;<\/p>\n<p><strong><em>ABBIAMO DISTRIBUITO<br \/>\n<\/em><\/strong>Abiti a 450 visitatori<\/p>\n<p>400 pacchi viveri (oltre la met\u00e0 a cassinesi italiani) con:<br \/>\n400 kg di riso<br \/>\n1200 scatolette di tonno<br \/>\n1600 kg di pasta<br \/>\n1600 barattoli di legumi in scatola<br \/>\n400 kg di zucchero<br \/>\n1200 barattoli di pelati o salsa di pomodoro<br \/>\n500 bottiglie di olio<\/p>\n<p>&nbsp;<\/p>\n<p><strong><em>I VOLONTARI CARITAS<br \/>\n<\/em><\/strong>Centro d&#8217;Ascolto\u00a0\u00a0\u00a0\u00a0\u00a0\u00a0\u00a0\u00a0\u00a0\u00a0\u00a0\u00a0\u00a0\u00a0\u00a0\u00a0\u00a0\u00a0\u00a0\u00a0\u00a0\u00a0\u00a0\u00a0\u00a0\u00a0\u00a0\u00a0\u00a0\u00a0\u00a0\u00a0\u00a0\u00a0\u00a0\u00a0\u00a0\u00a0\u00a0\u00a0\u00a0\u00a0\u00a0\u00a0\u00a0\u00a0\u00a0 7<br \/>\nDistribuzione abiti \u00a0 \u00a0 \u00a0 \u00a0 \u00a0 \u00a0 \u00a0 \u00a0 \u00a0 \u00a0 \u00a0 \u00a0 \u00a0 \u00a0 \u00a0 \u00a0 \u00a0 \u00a0 \u00a0 \u00a0 \u00a0 \u00a010 circa<br \/>\nPatronato\u00a0\u00a0\u00a0\u00a0\u00a0\u00a0\u00a0\u00a0\u00a0\u00a0\u00a0\u00a0\u00a0\u00a0\u00a0\u00a0\u00a0\u00a0\u00a0\u00a0\u00a0\u00a0\u00a0\u00a0\u00a0\u00a0\u00a0\u00a0\u00a0\u00a0\u00a0\u00a0\u00a0\u00a0\u00a0\u00a0\u00a0\u00a0\u00a0\u00a0\u00a0\u00a0\u00a0\u00a0\u00a0\u00a0\u00a0\u00a0\u00a0\u00a0\u00a0\u00a0\u00a0\u00a0\u00a0\u00a0\u00a0\u00a0 1<br \/>\nDoposcuola Il Girotondo (scuola primaria)\u00a0\u00a0\u00a0\u00a0\u00a0\u00a0 23\u00a0\u00a0\u00a0\u00a0\u00a0\u00a0\u00a0\u00a0\u00a0\u00a0\u00a0\u00a0\u00a0\u00a0\u00a0\u00a0\u00a0\u00a0\u00a0\u00a0\u00a0\u00a0 a sostegno di 13 bambini<br \/>\nDoposcuola Il Ponte (scuola secondaria) \u00a0 \u00a0 \u00a0 \u00a0 \u00a0 \u00a016\u00a0\u00a0\u00a0\u00a0\u00a0\u00a0\u00a0\u00a0\u00a0\u00a0\u00a0\u00a0\u00a0\u00a0\u00a0\u00a0\u00a0\u00a0\u00a0\u00a0\u00a0\u00a0 a sostegno di 12 ragazzi<br \/>\nAssistenti occasionali disponibili al bisogno \u00a0 \u00a08\/10<\/p>\n<p style=\"text-align: center;\"><a href=\"http:\/\/comunitapastoralecassina.org\/ver2\/wp-content\/uploads\/CARITAS-Giornata-2015.pdf\">Volantino Giornata CARITAS 2015<\/a><\/p>\n","protected":false},"excerpt":{"rendered":"<p>Volantino Giornata CARITAS 2015 Nella annuale festa liturgica di Cristo Re si celebra con tutti voi, come consuetudine, la Giornata diocesana della Caritas. Si sono da pochi giorni spenti i riflettori sull\u2019EXPO di Milano che aveva come tema \u201cNutrire il pianeta, energia per la vita\u201d. Tutto il mondo ne ha parlato e noi Cristiani ci [&hellip;]<\/p>\n","protected":false},"author":2,"featured_media":0,"comment_status":"closed","ping_status":"open","sticky":false,"template":"","format":"standard","meta":{"footnotes":""},"categories":[24,19],"tags":[],"class_list":{"0":"post-7389","1":"post","2":"type-post","3":"status-publish","4":"format-standard","6":"category-caritas-cittadina","7":"category-prima-pagina"},"_links":{"self":[{"href":"https:\/\/comunitapastoralecassina.org\/ver2\/wp-json\/wp\/v2\/posts\/7389","targetHints":{"allow":["GET"]}}],"collection":[{"href":"https:\/\/comunitapastoralecassina.org\/ver2\/wp-json\/wp\/v2\/posts"}],"about":[{"href":"https:\/\/comunitapastoralecassina.org\/ver2\/wp-json\/wp\/v2\/types\/post"}],"author":[{"embeddable":true,"href":"https:\/\/comunitapastoralecassina.org\/ver2\/wp-json\/wp\/v2\/users\/2"}],"replies":[{"embeddable":true,"href":"https:\/\/comunitapastoralecassina.org\/ver2\/wp-json\/wp\/v2\/comments?post=7389"}],"version-history":[{"count":11,"href":"https:\/\/comunitapastoralecassina.org\/ver2\/wp-json\/wp\/v2\/posts\/7389\/revisions"}],"predecessor-version":[{"id":7401,"href":"https:\/\/comunitapastoralecassina.org\/ver2\/wp-json\/wp\/v2\/posts\/7389\/revisions\/7401"}],"wp:attachment":[{"href":"https:\/\/comunitapastoralecassina.org\/ver2\/wp-json\/wp\/v2\/media?parent=7389"}],"wp:term":[{"taxonomy":"category","embeddable":true,"href":"https:\/\/comunitapastoralecassina.org\/ver2\/wp-json\/wp\/v2\/categories?post=7389"},{"taxonomy":"post_tag","embeddable":true,"href":"https:\/\/comunitapastoralecassina.org\/ver2\/wp-json\/wp\/v2\/tags?post=7389"}],"curies":[{"name":"wp","href":"https:\/\/api.w.org\/{rel}","templated":true}]}}