{"id":7417,"date":"2015-11-16T16:52:02","date_gmt":"2015-11-16T15:52:02","guid":{"rendered":"http:\/\/comunitapastoralecassina.org\/ver2\/?p=7417"},"modified":"2015-11-16T17:06:15","modified_gmt":"2015-11-16T16:06:15","slug":"fiaccolata-per-parigi","status":"publish","type":"post","link":"https:\/\/comunitapastoralecassina.org\/ver2\/2015\/11\/fiaccolata-per-parigi\/","title":{"rendered":"Fiaccolata per Parigi"},"content":{"rendered":"<p><a href=\"http:\/\/comunitapastoralecassina.org\/ver2\/wp-content\/uploads\/francia-1.jpg\"><img loading=\"lazy\" decoding=\"async\" class=\"alignleft size-medium wp-image-7418\" src=\"http:\/\/comunitapastoralecassina.org\/ver2\/wp-content\/uploads\/francia-1-212x300.jpg\" alt=\"Fiaccolata Francia\" width=\"212\" height=\"300\" srcset=\"https:\/\/comunitapastoralecassina.org\/ver2\/wp-content\/uploads\/francia-1-212x300.jpg 212w, https:\/\/comunitapastoralecassina.org\/ver2\/wp-content\/uploads\/francia-1.jpg 595w\" sizes=\"auto, (max-width: 212px) 100vw, 212px\" \/><\/a>La Comunit\u00e0 Pastorale &#8220;Maria Madre della Chiesa&#8221; aderisce a questo momento di riflessione e di solidariet\u00e0, in comunione con l&#8217;intera Citt\u00e0 e umanit\u00e0 di buona volont\u00e0.<\/p>\n<p>Il Parroco<\/p>\n<p>Don Massimo Donghi<\/p>\n<hr \/>\n<p>I tragici fatti di Parigi a cui stiamo assistendo in questi giorni hanno portato a pensare e organizzare una\u00a0<strong><em>Fiaccolata<\/em><\/strong>\u00a0in commemorazione delle vittime delle stragi terroriste.<\/p>\n<p>L&#8217;appuntamento \u00e8 previsto per\u00a0<strong><em>Venerd\u00ec 20\/11\/2015 alle ore 18.30<\/em><\/strong>\u00a0presso Piazza Decorati al Valor Civile (Stazione MM2 Cassina de Pecchi).<\/p>\n<p>Attraverseremo il Centro del paese passando per le Vie Papa Giovanni XXIII, Matteotti, Venezia fino ad arrivare al Monumento dei Caduti di Piazza Unit\u00e0 d&#8217;Italia (Scuola Elementare).<\/p>\n<p>L&#8217;iniziativa \u00e8 apolitica e apartitica, non sono previsti simboli o bandiere di Partito se non i simboli di Pace, la bandiera dell&#8217;Italia o quella della Francia.<\/p>\n<p>Chiediamo a tutti di partecipare con un lume che posizioneremo poi nei pressi del Monumento ai Caduti di Piazza Unita&#8217; d&#8217;Italia.<\/p>\n<p>A conclusione della fiaccolata, insieme ai lumi, lasceremo un un pensiero scritto in memoria e rispetto delle vittime.<\/p>\n<p>Abbiamo lanciato anche una chiamata a tutti i musicisti di Cassina de Pecchi e chi vorr\u00e0 si potr\u00e0 unire a noi suonando l&#8217;Inno Francese e l&#8217;Inno alla Pace.<\/p>\n<p>Chiediamo a tutti di aiutarci nella diffusione di questa iniziativa di Pace e Solidariet\u00e0, attraverso anche la condivisione della pagina facebook dedicata:\u00a0<a href=\"https:\/\/m.facebook.com\/Something-for-Paris-Non-smettere-di-Pensare-1623859937879718\/?ref=m_notif&amp;notif_t=like\">https:\/\/m.facebook.com\/Something-for-Paris-Non-smettere-di-Pensare-1623859937879718\/?ref=m_notif&amp;notif_t=like<\/a>.<\/p>\n<p>Per info:\u00a0<a href=\"mailto:somethingforparis@gmail.com\">somethingforparis@gmail.com<\/a><\/p>\n<p>#somethingforparis<br \/>\nNon smettere di Pensare!<\/p>\n<p><a href=\"http:\/\/comunitapastoralecassina.org\/ver2\/wp-content\/uploads\/Francia.pdf\">Volantino Fiaccolata Francia<\/a><\/p>\n<p><a href=\"http:\/\/comunitapastoralecassina.org\/ver2\/wp-content\/uploads\/Parigi.-Preghiera-a-tutte-le-Messe.pdf\">Curia Arcivescovile: Parigi. Preghiera a tutte le Messe<\/a><\/p>\n","protected":false},"excerpt":{"rendered":"<p>La Comunit\u00e0 Pastorale &#8220;Maria Madre della Chiesa&#8221; aderisce a questo momento di riflessione e di solidariet\u00e0, in comunione con l&#8217;intera Citt\u00e0 e umanit\u00e0 di buona volont\u00e0. Il Parroco Don Massimo Donghi I tragici fatti di Parigi a cui stiamo assistendo in questi giorni hanno portato a pensare e organizzare una\u00a0Fiaccolata\u00a0in commemorazione delle vittime delle stragi [&hellip;]<\/p>\n","protected":false},"author":2,"featured_media":0,"comment_status":"closed","ping_status":"open","sticky":false,"template":"","format":"standard","meta":{"footnotes":""},"categories":[23,19],"tags":[],"class_list":{"0":"post-7417","1":"post","2":"type-post","3":"status-publish","4":"format-standard","6":"category-avvisi","7":"category-prima-pagina"},"_links":{"self":[{"href":"https:\/\/comunitapastoralecassina.org\/ver2\/wp-json\/wp\/v2\/posts\/7417","targetHints":{"allow":["GET"]}}],"collection":[{"href":"https:\/\/comunitapastoralecassina.org\/ver2\/wp-json\/wp\/v2\/posts"}],"about":[{"href":"https:\/\/comunitapastoralecassina.org\/ver2\/wp-json\/wp\/v2\/types\/post"}],"author":[{"embeddable":true,"href":"https:\/\/comunitapastoralecassina.org\/ver2\/wp-json\/wp\/v2\/users\/2"}],"replies":[{"embeddable":true,"href":"https:\/\/comunitapastoralecassina.org\/ver2\/wp-json\/wp\/v2\/comments?post=7417"}],"version-history":[{"count":4,"href":"https:\/\/comunitapastoralecassina.org\/ver2\/wp-json\/wp\/v2\/posts\/7417\/revisions"}],"predecessor-version":[{"id":7424,"href":"https:\/\/comunitapastoralecassina.org\/ver2\/wp-json\/wp\/v2\/posts\/7417\/revisions\/7424"}],"wp:attachment":[{"href":"https:\/\/comunitapastoralecassina.org\/ver2\/wp-json\/wp\/v2\/media?parent=7417"}],"wp:term":[{"taxonomy":"category","embeddable":true,"href":"https:\/\/comunitapastoralecassina.org\/ver2\/wp-json\/wp\/v2\/categories?post=7417"},{"taxonomy":"post_tag","embeddable":true,"href":"https:\/\/comunitapastoralecassina.org\/ver2\/wp-json\/wp\/v2\/tags?post=7417"}],"curies":[{"name":"wp","href":"https:\/\/api.w.org\/{rel}","templated":true}]}}