{"id":7442,"date":"2015-11-19T16:53:19","date_gmt":"2015-11-19T15:53:19","guid":{"rendered":"http:\/\/comunitapastoralecassina.org\/ver2\/?p=7442"},"modified":"2015-11-19T16:53:19","modified_gmt":"2015-11-19T15:53:19","slug":"perche-siamo-tutti-francesi","status":"publish","type":"post","link":"https:\/\/comunitapastoralecassina.org\/ver2\/2015\/11\/perche-siamo-tutti-francesi\/","title":{"rendered":"Perch\u00e8 siamo tutti francesi!"},"content":{"rendered":"<p><em>&#8220;Je suis Paris&#8221;<\/em>. <em>&#8220;Je suis francais&#8221;<\/em>. Ribadire queste parole dopo gli attentati terroristici di Parigi o modificare la propria <em>immagine di profilo di Facebook<\/em> con lo sfondo della bandiera francese, non vuol dire solo rivendicare la nostra libert\u00e0 di cittadini europei di fronte alla minaccia del Califfato islamico. Significa soprattutto condividere il dolore per queste morti e questa violenza assurda. Gli autori delle stragi di Parigi hanno invocato Allah prima di sparare, ma non c\u2019\u00e8 nulla di religioso in quell\u2019azione di morte. A cominciare dallo stesso sacrificio umano dei membri del commando, burattini mossi dai fili di criminali spietati che adoperano il nome di Dio invano utilizzando giovani vite sprovvedute e pronte a tutto. Perch\u00e9 il dio dei musulmani \u00e8 stato offeso quella sera di festa al Bataclan e <strong>chi invoca Dio in nome della violenza pronuncia una bestemmia<\/strong>, come ha detto Francesco all\u2019Angelus.<\/p>\n<p>Guardando i Telegiornali (come tutti voi) c\u2019\u00e8 un\u2019immagine che mi ha colpito: quella ragazza aggrappata a un davanzale, appesa nel vuoto tra la vita e la morte, mentre sotto di lei altri giovani fuggono disperati dal palcoscenico dell\u2019orrore allestito dai terroristi. Quella ragazza \u00e8 come se fosse nostra figlia, nostra sorella, nostra madre. Perch\u00e9 la sensazione \u00e8 che lei sia come noi e noi come lei, sospesi tra la vita e la morte, vittima di una violenza assurda \u201cche non ha giustificazioni\u201d. A darci speranza \u00e8 un\u2019altra ragazza che si affaccia sul davanzale negli ultimi istanti del video per soccorrerla. Le accarezza prima la mano per lenire la sua angoscia, poi, tenta di aiutarla e la soccorre e cos\u00ec facendo soccorre cos\u00ec tutti noi, infondendo una speranza che non si piega al sogno di morte procurata da quegli \u201cuomini\u201d (?). Quella ragazza \u00e8\u00a0per noi il volto della misericordia, la misericordia del giubileo di pace che sta per aprirsi in tutto il mondo.<\/p>\n<p>Di fronte a tale assurdit\u00e0 di violenza gratuita facciamo nostre le parole del nostro Arcivescovo (con le quali abbiamo pregato domenica scorsa durante tutte le SS.Messe): \u201dNon la vendetta, non la disperazione e la paura, non il meschino calcolo, ma la preghiera, la compassione e la responsabilit\u00e0 di dare il proprio contributo per costruire un umanesimo riconciliato, una societ\u00e0 solidale, una fraternit\u00e0 che disarmi l\u2019odio e gli abissi tenebrosi del male\u201d.<\/p>\n<p>Maria, Madre della Chiesa e Regina della Pace, prega per noi!<\/p>\n<p>Don Massimo<\/p>\n<p style=\"text-align: center;\"><strong><a href=\"http:\/\/comunitapastoralecassina.org\/ver2\/2015\/11\/fiaccolata-per-parigi\/\" target=\"_blank\">20 novembre: Fiaccolata per Parigi<\/a><\/strong><\/p>\n","protected":false},"excerpt":{"rendered":"<p>&#8220;Je suis Paris&#8221;. &#8220;Je suis francais&#8221;. Ribadire queste parole dopo gli attentati terroristici di Parigi o modificare la propria immagine di profilo di Facebook con lo sfondo della bandiera francese, non vuol dire solo rivendicare la nostra libert\u00e0 di cittadini europei di fronte alla minaccia del Califfato islamico. Significa soprattutto condividere il dolore per queste [&hellip;]<\/p>\n","protected":false},"author":2,"featured_media":0,"comment_status":"closed","ping_status":"open","sticky":false,"template":"","format":"standard","meta":{"footnotes":""},"categories":[19],"tags":[],"class_list":{"0":"post-7442","1":"post","2":"type-post","3":"status-publish","4":"format-standard","6":"category-prima-pagina"},"_links":{"self":[{"href":"https:\/\/comunitapastoralecassina.org\/ver2\/wp-json\/wp\/v2\/posts\/7442","targetHints":{"allow":["GET"]}}],"collection":[{"href":"https:\/\/comunitapastoralecassina.org\/ver2\/wp-json\/wp\/v2\/posts"}],"about":[{"href":"https:\/\/comunitapastoralecassina.org\/ver2\/wp-json\/wp\/v2\/types\/post"}],"author":[{"embeddable":true,"href":"https:\/\/comunitapastoralecassina.org\/ver2\/wp-json\/wp\/v2\/users\/2"}],"replies":[{"embeddable":true,"href":"https:\/\/comunitapastoralecassina.org\/ver2\/wp-json\/wp\/v2\/comments?post=7442"}],"version-history":[{"count":1,"href":"https:\/\/comunitapastoralecassina.org\/ver2\/wp-json\/wp\/v2\/posts\/7442\/revisions"}],"predecessor-version":[{"id":7443,"href":"https:\/\/comunitapastoralecassina.org\/ver2\/wp-json\/wp\/v2\/posts\/7442\/revisions\/7443"}],"wp:attachment":[{"href":"https:\/\/comunitapastoralecassina.org\/ver2\/wp-json\/wp\/v2\/media?parent=7442"}],"wp:term":[{"taxonomy":"category","embeddable":true,"href":"https:\/\/comunitapastoralecassina.org\/ver2\/wp-json\/wp\/v2\/categories?post=7442"},{"taxonomy":"post_tag","embeddable":true,"href":"https:\/\/comunitapastoralecassina.org\/ver2\/wp-json\/wp\/v2\/tags?post=7442"}],"curies":[{"name":"wp","href":"https:\/\/api.w.org\/{rel}","templated":true}]}}