{"id":7494,"date":"2015-12-11T10:38:16","date_gmt":"2015-12-11T09:38:16","guid":{"rendered":"http:\/\/comunitapastoralecassina.org\/ver2\/?p=7494"},"modified":"2015-12-11T10:38:16","modified_gmt":"2015-12-11T09:38:16","slug":"nella-nostra-vitatutto-e-dono-tutto-e-misericordia","status":"publish","type":"post","link":"https:\/\/comunitapastoralecassina.org\/ver2\/2015\/12\/nella-nostra-vitatutto-e-dono-tutto-e-misericordia\/","title":{"rendered":"\u201cNella nostra vita\u2026tutto \u00e8 dono, tutto \u00e8 misericordia\u201d"},"content":{"rendered":"<h3><em>(Parola di Papa Francesco, Angelus 8 dicembre 2015)<\/em><\/h3>\n<p><em>Cari fratelli e sorelle, buongiorno e buona festa!<\/em><\/p>\n<p>Oggi, la festa dell\u2019Immacolata ci fa contemplare la Madonna che, per singolare privilegio, \u00e8 stata preservata dal peccato originale fin dal suo concepimento. Pur vivendo nel mondo segnato dal peccato, non ne viene toccata: Maria \u00e8 nostra sorella nella sofferenza, ma non nel male e nel peccato. Anzi, il male in lei \u00e8 stato sconfitto prima ancora di sfiorarla, perch\u00e9 Dio l\u2019ha ricolmata di grazia (cfr <em>Lc<\/em> 1,28). L\u2019Immacolata Concezione significa che Maria \u00e8 la prima salvata dall\u2019infinita misericordia del Padre, quale primizia della salvezza che Dio vuole donare ad ogni uomo e donna, in Cristo. Per questo l\u2019Immacolata \u00e8 diventata icona sublime della misericordia divina che ha vinto sul peccato. E noi, oggi, all\u2019inizio del Giubileo della Misericordia, vogliamo guardare a questa icona con amore fiducioso e contemplarla in tutto il suo splendore, imitandone la fede.<\/p>\n<p>Nel concepimento immacolato di Maria siamo invitati a riconoscere l\u2019aurora del mondo nuovo, trasformato dall\u2019opera salvifica del Padre e del Figlio e dello Spirito Santo. L\u2019aurora della nuova creazione attuata dalla divina misericordia. Per questo la Vergine Maria, mai contagiata dal peccato e sempre ricolma di Dio, \u00e8 madre di una umanit\u00e0 nuova. E\u2019 madre del mondo ricreato.<\/p>\n<p>Celebrare questa festa comporta due cose. Primo: accogliere pienamente Dio e la sua grazia misericordiosa nella nostra vita. Secondo: diventare a nostra volta artefici di misericordia mediante un cammino evangelico. La festa dell\u2019Immacolata diventa allora la festa di tutti noi se, con i nostri \u201cs\u00ec\u201d quotidiani, riusciamo a vincere il nostro egoismo e a rendere pi\u00f9 lieta la vita dei nostri fratelli, a donare loro speranza, asciugando qualche lacrima e donando un po\u2019 di gioia. Ad imitazione di Maria, siamo chiamati a diventare portatori di Cristo e testimoni del suo amore, guardando anzitutto a quelli che sono i privilegiati agli occhi di Ges\u00f9. Sono coloro che Lui stesso ci ha indicato: \u00abHo avuto fame e mi avete dato da mangiare, ho avuto sete e mi avete dato da bere, ero straniero e mi avete accolto, nudo e mi avete vestito, malato e mi avete visitato, ero in carcere e siete venuti a trovarmi\u00bb (<em>Mt<\/em> 25, 35-36).<\/p>\n<p>L\u2019odierna festa dell\u2019Immacolata Concezione ha uno specifico messaggio da comunicarci: ci ricorda che nella nostra vita tutto \u00e8 dono, tutto \u00e8 misericordia. La Vergine Santa, primizia dei salvati, modello della Chiesa, sposa santa e immacolata, amata dal Signore, ci aiuti a riscoprire sempre pi\u00f9 la misericordia divina come distintivo del cristiano. Non si pu\u00f2 capire un cristiano vero che non sia misericordioso, come non si pu\u00f2 capire Dio senza la sua misericordia. Essa \u00e8 la parola-sintesi del Vangelo: misericordia. E\u2019 il tratto fondamentale del volto di Cristo: quel volto che noi riconosciamo nei diversi aspetti della sua esistenza: quando va incontro a tutti, quando guarisce gli ammalati, quando siede a tavola con i peccatori, e soprattutto quando, inchiodato sulla croce, perdona; l\u00ec noi vediamo il volto della misericordia divina. Non abbiamo paura: lasciamoci abbracciare dalla misericordia di Dio che ci aspetta e perdona tutto. Nulla \u00e8 pi\u00f9 dolce della sua misericordia. Lasciamoci accarezzare da Dio: \u00e8 tanto buono, il Signore, e perdona tutto.<\/p>\n<p>Per intercessione di Maria Immacolata, la misericordia prenda possesso dei nostri cuori e trasformi tutta la nostra vita.<\/p>\n","protected":false},"excerpt":{"rendered":"<p>(Parola di Papa Francesco, Angelus 8 dicembre 2015) Cari fratelli e sorelle, buongiorno e buona festa! Oggi, la festa dell\u2019Immacolata ci fa contemplare la Madonna che, per singolare privilegio, \u00e8 stata preservata dal peccato originale fin dal suo concepimento. Pur vivendo nel mondo segnato dal peccato, non ne viene toccata: Maria \u00e8 nostra sorella nella [&hellip;]<\/p>\n","protected":false},"author":2,"featured_media":0,"comment_status":"closed","ping_status":"open","sticky":false,"template":"","format":"standard","meta":{"footnotes":""},"categories":[19],"tags":[],"class_list":{"0":"post-7494","1":"post","2":"type-post","3":"status-publish","4":"format-standard","6":"category-prima-pagina"},"_links":{"self":[{"href":"https:\/\/comunitapastoralecassina.org\/ver2\/wp-json\/wp\/v2\/posts\/7494","targetHints":{"allow":["GET"]}}],"collection":[{"href":"https:\/\/comunitapastoralecassina.org\/ver2\/wp-json\/wp\/v2\/posts"}],"about":[{"href":"https:\/\/comunitapastoralecassina.org\/ver2\/wp-json\/wp\/v2\/types\/post"}],"author":[{"embeddable":true,"href":"https:\/\/comunitapastoralecassina.org\/ver2\/wp-json\/wp\/v2\/users\/2"}],"replies":[{"embeddable":true,"href":"https:\/\/comunitapastoralecassina.org\/ver2\/wp-json\/wp\/v2\/comments?post=7494"}],"version-history":[{"count":1,"href":"https:\/\/comunitapastoralecassina.org\/ver2\/wp-json\/wp\/v2\/posts\/7494\/revisions"}],"predecessor-version":[{"id":7495,"href":"https:\/\/comunitapastoralecassina.org\/ver2\/wp-json\/wp\/v2\/posts\/7494\/revisions\/7495"}],"wp:attachment":[{"href":"https:\/\/comunitapastoralecassina.org\/ver2\/wp-json\/wp\/v2\/media?parent=7494"}],"wp:term":[{"taxonomy":"category","embeddable":true,"href":"https:\/\/comunitapastoralecassina.org\/ver2\/wp-json\/wp\/v2\/categories?post=7494"},{"taxonomy":"post_tag","embeddable":true,"href":"https:\/\/comunitapastoralecassina.org\/ver2\/wp-json\/wp\/v2\/tags?post=7494"}],"curies":[{"name":"wp","href":"https:\/\/api.w.org\/{rel}","templated":true}]}}