{"id":7532,"date":"2016-01-13T10:59:10","date_gmt":"2016-01-13T09:59:10","guid":{"rendered":"http:\/\/comunitapastoralecassina.org\/ver2\/?p=7532"},"modified":"2016-01-13T11:03:46","modified_gmt":"2016-01-13T10:03:46","slug":"prepariamoci-alla-festa-della-famiglia","status":"publish","type":"post","link":"https:\/\/comunitapastoralecassina.org\/ver2\/2016\/01\/prepariamoci-alla-festa-della-famiglia\/","title":{"rendered":"31 gennaio 2016 Festa della famiglia"},"content":{"rendered":"<p><a href=\"http:\/\/comunitapastoralecassina.org\/ver2\/2016\/01\/prepariamoci-alla-festa-della-famiglia\/festa-della-famiglia1\/\" rel=\"attachment wp-att-7557\"><img loading=\"lazy\" decoding=\"async\" class=\"aligncenter size-medium wp-image-7557\" src=\"http:\/\/comunitapastoralecassina.org\/ver2\/wp-content\/uploads\/festa-della-famiglia1-300x180.jpg\" alt=\"festa della famiglia1\" width=\"300\" height=\"180\" srcset=\"https:\/\/comunitapastoralecassina.org\/ver2\/wp-content\/uploads\/festa-della-famiglia1-300x180.jpg 300w, https:\/\/comunitapastoralecassina.org\/ver2\/wp-content\/uploads\/festa-della-famiglia1.jpg 610w\" sizes=\"auto, (max-width: 300px) 100vw, 300px\" \/><\/a><\/p>\n<p><strong><a href=\"http:\/\/comunitapastoralecassina.org\/ver2\/wp-content\/uploads\/festa-della-famiglia.pdf\" rel=\"\">Scarica il volantino<\/a><br \/>\n<\/strong><\/p>\n<p><strong>Domenica 31 gennaio<\/strong> la nostra Comunit\u00e0 celebrer\u00e0 la <strong>Festa della Famiglia<\/strong>. Quest\u2019anno avr\u00e0 una novit\u00e0: durante la domenica della Festa della Famiglia <strong>non celebreremo<\/strong> (come da anni suggerisce la nostra Diocesi) gli Anniversari di matrimonio.<\/p>\n<p>La Festa degli Anniversari di Matrimonio,\u00a0verr\u00e0 fatta <strong>domenica 29 maggio<\/strong>.<\/p>\n<h1><strong>Programma della festa della famiglia<\/strong><\/h1>\n<h2><strong>La famiglia celebra<\/strong><\/h2>\n<p>Al mattino, <strong>S.Messa<\/strong> nelle singole Parrocchie (<strong>ore 10.00<\/strong> in <strong>SA<\/strong> e in <strong>SMA<\/strong>; <strong>ore 11.00<\/strong> in <strong>NAT<\/strong>).<\/p>\n<p>Durante la S.Messa animata, i ragazzi della catechesi saranno invitati a portare anche una <strong>foto (selfie)<\/strong> della propria famiglia da appendere su un apposito cartellone che i catechisti avranno predisposto nella propria Chiesa. Ci sar\u00e0 una benedizione speciale per ogni Famiglia<\/p>\n<h2><strong>La famiglia condivide<\/strong><\/h2>\n<p>Alle <strong>ore 12.30<\/strong> <strong>pranzo di CONDIVISIONE \u201cNOZZE DI CANA\u201d<\/strong> per tutti <strong>all\u2019Oratorio SDS<\/strong>.<\/p>\n<p>Verr\u00e0 dato un volantino a catechismo (o lo si potr\u00e0 ritirare in fondo alla Chiesa) e <strong>occorrer\u00e0 iscriversi in Segreteria dell\u2019Oratorio SDS <\/strong>(<u>entro GIOVEDI\u2019 28 GENNAIO<\/u>) specificando (per ogni famiglia) il numero dei partecipanti e cosa porter\u00e0 ogni famiglia da condividere con tutti per il pranzo \u201cNOZZE DI CANA\u201d (<em>Ges\u00f9 ha trasformato l\u2019acqua in vino\u2026 chiss\u00e0 quali miracoli faremo noi<\/em>).<\/p>\n<h2><strong>In famiglia ci si diverte<\/strong><\/h2>\n<p>Nel pomeriggio <strong>fino alle ore 16.00<\/strong> momento di <strong>FESTA\/GIOCO<\/strong> animato per tutti (sotto la regia di don Massimo e don Fabio) sempre <strong>in Oratorio SDS<\/strong>.<\/p>\n<h2><strong>In famiglia si prega insieme<\/strong><\/h2>\n<p>Alle <strong>ore 16.00<\/strong> in Oratorio SDS come conclusione del momento <strong>CONVIVIALE<\/strong> vissuto insieme e gesto di pace che verr\u00e0 proposto per tutti.<\/p>\n<h2><strong>In famiglia si riflette e ci si parla<\/strong><\/h2>\n<p>Attraverso la visione del film <strong>IL FIGLIO DELL\u2019ALTRA<\/strong> (di Lorraine Levy) alle <strong>ore 17.30<\/strong> nel Salone dell\u2019Oratorio di Camporicco. (Attivo servizio di <strong>babysitteraggio<\/strong> con gli scout)<\/p>\n<p><strong><a href=\"http:\/\/comunitapastoralecassina.org\/ver2\/wp-content\/uploads\/festa-della-famiglia.pdf\" rel=\"\">Scarica il volantino<\/a><\/strong><\/p>\n","protected":false},"excerpt":{"rendered":"<p>Scarica il volantino Domenica 31 gennaio la nostra Comunit\u00e0 celebrer\u00e0 la Festa della Famiglia. Quest\u2019anno avr\u00e0 una novit\u00e0: durante la domenica della Festa della Famiglia non celebreremo (come da anni suggerisce la nostra Diocesi) gli Anniversari di matrimonio. La Festa degli Anniversari di Matrimonio,\u00a0verr\u00e0 fatta domenica 29 maggio. Programma della festa della famiglia La famiglia [&hellip;]<\/p>\n","protected":false},"author":2,"featured_media":0,"comment_status":"closed","ping_status":"open","sticky":false,"template":"","format":"standard","meta":{"footnotes":""},"categories":[23],"tags":[],"class_list":{"0":"post-7532","1":"post","2":"type-post","3":"status-publish","4":"format-standard","6":"category-avvisi"},"_links":{"self":[{"href":"https:\/\/comunitapastoralecassina.org\/ver2\/wp-json\/wp\/v2\/posts\/7532","targetHints":{"allow":["GET"]}}],"collection":[{"href":"https:\/\/comunitapastoralecassina.org\/ver2\/wp-json\/wp\/v2\/posts"}],"about":[{"href":"https:\/\/comunitapastoralecassina.org\/ver2\/wp-json\/wp\/v2\/types\/post"}],"author":[{"embeddable":true,"href":"https:\/\/comunitapastoralecassina.org\/ver2\/wp-json\/wp\/v2\/users\/2"}],"replies":[{"embeddable":true,"href":"https:\/\/comunitapastoralecassina.org\/ver2\/wp-json\/wp\/v2\/comments?post=7532"}],"version-history":[{"count":7,"href":"https:\/\/comunitapastoralecassina.org\/ver2\/wp-json\/wp\/v2\/posts\/7532\/revisions"}],"predecessor-version":[{"id":7562,"href":"https:\/\/comunitapastoralecassina.org\/ver2\/wp-json\/wp\/v2\/posts\/7532\/revisions\/7562"}],"wp:attachment":[{"href":"https:\/\/comunitapastoralecassina.org\/ver2\/wp-json\/wp\/v2\/media?parent=7532"}],"wp:term":[{"taxonomy":"category","embeddable":true,"href":"https:\/\/comunitapastoralecassina.org\/ver2\/wp-json\/wp\/v2\/categories?post=7532"},{"taxonomy":"post_tag","embeddable":true,"href":"https:\/\/comunitapastoralecassina.org\/ver2\/wp-json\/wp\/v2\/tags?post=7532"}],"curies":[{"name":"wp","href":"https:\/\/api.w.org\/{rel}","templated":true}]}}