{"id":7538,"date":"2016-01-07T14:48:31","date_gmt":"2016-01-07T13:48:31","guid":{"rendered":"http:\/\/comunitapastoralecassina.org\/ver2\/?p=7538"},"modified":"2016-01-07T14:49:02","modified_gmt":"2016-01-07T13:49:02","slug":"allinizio-dellanno-e-bello-scambiarsi-gli-auguri-parola-di-papa-francesco","status":"publish","type":"post","link":"https:\/\/comunitapastoralecassina.org\/ver2\/2016\/01\/allinizio-dellanno-e-bello-scambiarsi-gli-auguri-parola-di-papa-francesco\/","title":{"rendered":"All\u2019inizio dell\u2019anno \u00e8 bello scambiarsi gli auguri! (Parola di papa Francesco)"},"content":{"rendered":"<p><em>Cari fratelli e sorelle, buongiorno e buon anno!<\/em><\/p>\n<p>All\u2019inizio dell\u2019anno \u00e8 bello scambiarsi gli auguri. Rinnoviamo cos\u00ec, gli uni per gli altri, il desiderio che quello che ci attende sia un po\u2019 migliore. \u00c8, in fondo, un segno della speranza che ci anima e ci invita a credere nella vita. Sappiamo per\u00f2 che con l\u2019anno nuovo non cambier\u00e0 tutto, e che tanti problemi di ieri rimarranno anche domani. Allora vorrei rivolgervi un augurio sostenuto da una speranza reale, che traggo dalla Liturgia di oggi.<\/p>\n<p>Sono le parole con cui il Signore stesso chiese di benedire il suo popolo: \u00abIl Signore faccia risplendere per te il suo volto [\u2026]. Il Signore rivolga a te il suo volto\u00bb (Nm 6,25-26). Anch\u2019io vi auguro questo: che il Signore posi lo sguardo sopra di voi e che possiate gioire, sapendo che ogni giorno il suo volto misericordioso, pi\u00f9 radioso del sole, risplende su di voi e non tramonta mai! Scoprire il volto di Dio rende nuova la vita. Perch\u00e9 \u00e8 un Padre innamorato dell\u2019uomo, che non si stanca mai di ricominciare da capo con noi per rinnovarci. Ma il Signore ha una pazienza con noi! Non si stanca di ricominciare da capo ogni volta che noi cadiamo. Per\u00f2 il Signore non promette cambiamenti magici, Lui non usa la bacchetta magica. Ama cambiare la realt\u00e0 dal di dentro, con pazienza e amore; chiede di entrare nella nostra vita con delicatezza, come la pioggia nella terra, per poi portare frutto. E sempre ci aspetta e ci guarda con tenerezza. Ogni mattina, al risveglio, possiamo dire: \u201cOggi il Signore fa risplendere il suo volto su di me\u201d. Bella preghiera, che \u00e8 una realt\u00e0.<\/p>\n<p>La benedizione biblica continua cos\u00ec: \u00ab[Il Signore] ti conceda pace\u00bb (v. 26). Oggi celebriamo la Giornata Mondiale della Pace, il cui tema \u00e8: \u201cVinci l\u2019indifferenza e conquista la pace\u201d. La pace, che Dio Padre desidera seminare nel mondo, deve essere coltivata da noi. Non solo, deve essere anche \u201cconquistata\u201d. Ci\u00f2 comporta una vera e propria lotta, un combattimento spirituale che ha luogo nel nostro cuore. Perch\u00e9 nemica della pace non \u00e8 solo la guerra, ma anche l\u2019indifferenza, che fa pensare solo a s\u00e9 stessi e crea barriere, sospetti, paure e chiusure. E queste cose sono nemiche della pace. Abbiamo, grazie a Dio, tante informazioni; ma a volte siamo cos\u00ec sommersi di notizie che veniamo distratti dalla realt\u00e0, dal fratello e dalla sorella che hanno bisogno di noi. Cominciamo in quest\u2019anno ad aprire il cuore, risvegliando l\u2019attenzione al prossimo, a chi \u00e8 pi\u00f9 vicino. Questa \u00e8 la via per la conquista della pace.<\/p>\n<p>Ci aiuti in questo la Regina della Pace, la Madre di Dio, di cui oggi celebriamo la solennit\u00e0. Ella \u00abcustodiva tutte queste cose, meditandole nel suo cuore\u00bb (Lc 2,19). Le speranze e le preoccupazioni, la gratitudine e i problemi: tutto quello che accadeva nella vita diventava, nel cuore di Maria, preghiera, dialogo con Dio. E Lei fa cos\u00ec anche per noi: custodisce le gioie e scioglie i nodi della nostra vita, portandoli al Signore.<\/p>\n<p>Affidiamo alla Madre il nuovo anno, perch\u00e9 crescano la pace e la misericordia.<\/p>\n<p>&nbsp;<\/p>\n<p>Papa Francesco (Angelus del 1 gennaio 2016)<\/p>\n","protected":false},"excerpt":{"rendered":"<p>Cari fratelli e sorelle, buongiorno e buon anno! All\u2019inizio dell\u2019anno \u00e8 bello scambiarsi gli auguri. Rinnoviamo cos\u00ec, gli uni per gli altri, il desiderio che quello che ci attende sia un po\u2019 migliore. \u00c8, in fondo, un segno della speranza che ci anima e ci invita a credere nella vita. Sappiamo per\u00f2 che con l\u2019anno [&hellip;]<\/p>\n","protected":false},"author":2,"featured_media":0,"comment_status":"closed","ping_status":"open","sticky":false,"template":"","format":"standard","meta":{"footnotes":""},"categories":[19],"tags":[],"class_list":{"0":"post-7538","1":"post","2":"type-post","3":"status-publish","4":"format-standard","6":"category-prima-pagina"},"_links":{"self":[{"href":"https:\/\/comunitapastoralecassina.org\/ver2\/wp-json\/wp\/v2\/posts\/7538","targetHints":{"allow":["GET"]}}],"collection":[{"href":"https:\/\/comunitapastoralecassina.org\/ver2\/wp-json\/wp\/v2\/posts"}],"about":[{"href":"https:\/\/comunitapastoralecassina.org\/ver2\/wp-json\/wp\/v2\/types\/post"}],"author":[{"embeddable":true,"href":"https:\/\/comunitapastoralecassina.org\/ver2\/wp-json\/wp\/v2\/users\/2"}],"replies":[{"embeddable":true,"href":"https:\/\/comunitapastoralecassina.org\/ver2\/wp-json\/wp\/v2\/comments?post=7538"}],"version-history":[{"count":1,"href":"https:\/\/comunitapastoralecassina.org\/ver2\/wp-json\/wp\/v2\/posts\/7538\/revisions"}],"predecessor-version":[{"id":7539,"href":"https:\/\/comunitapastoralecassina.org\/ver2\/wp-json\/wp\/v2\/posts\/7538\/revisions\/7539"}],"wp:attachment":[{"href":"https:\/\/comunitapastoralecassina.org\/ver2\/wp-json\/wp\/v2\/media?parent=7538"}],"wp:term":[{"taxonomy":"category","embeddable":true,"href":"https:\/\/comunitapastoralecassina.org\/ver2\/wp-json\/wp\/v2\/categories?post=7538"},{"taxonomy":"post_tag","embeddable":true,"href":"https:\/\/comunitapastoralecassina.org\/ver2\/wp-json\/wp\/v2\/tags?post=7538"}],"curies":[{"name":"wp","href":"https:\/\/api.w.org\/{rel}","templated":true}]}}