{"id":7574,"date":"2016-01-15T08:51:43","date_gmt":"2016-01-15T07:51:43","guid":{"rendered":"http:\/\/comunitapastoralecassina.org\/ver2\/?p=7574"},"modified":"2016-01-15T12:54:28","modified_gmt":"2016-01-15T11:54:28","slug":"cori-parrocchiali","status":"publish","type":"post","link":"https:\/\/comunitapastoralecassina.org\/ver2\/2016\/01\/cori-parrocchiali\/","title":{"rendered":"Cori parrocchiali"},"content":{"rendered":"<p>L\u2019animazione liturgica delle celebrazioni \u00e8 un servizio prezioso nelle nostre assemblee. Nel Consiglio Pastorale di febbraio metteremo a fuoco proprio questo aspetto del Progetto pastorale.<\/p>\n<ol>\n<li><strong>IL CORO POLIFONICO DELLA PARROCCHIA S.M.AUSILIATRICE IN CERCA DI UN \u201cDIRETTORE\u201d<\/strong><\/li>\n<\/ol>\n<p>Ringraziamo il maestro Silvio Mauri che per anni ha diretto, con molta professionalit\u00e0 e competenza, il Coro Polifonico di SMA e con la Festa dell\u2019Epifania ha terminato questo impegno con noi, semplicemente perch\u00e9 la Parrocchia, pur riconoscendo la sua professionalit\u00e0, non pu\u00f2 pi\u00f9 permettersi tale spesa.<\/p>\n<p>Ora, pur mantenendo l\u2019impegno del servizio liturgico durante la celebrazione della S.Messa festiva delle ore 11.30, il Coro polifonico \u00e8 in ricerca di una persona competente che possa \u201cguidare\u201d questo prezioso servizio\u2026 anche in preparazione al Triduo Pasquale.<\/p>\n<p>Chi volesse darci una mano contatti direttamente il parroco don Massimo.<\/p>\n<p>E chi volesse unirsi al Coro, superi la propria timidezza e semplicemente partecipi insieme alla S.Messa delle ore 11.30.<\/p>\n<ol start=\"2\">\n<li><strong>CORO DEI RAGAZZI SANTA MARIA AUSILIATRICE<\/strong><\/li>\n<\/ol>\n<p>Da sabato 23 gennaio \u00e8 possibile iniziare a cantare con il coro dei ragazzi che anima la messa delle 10.00. Le prove sono ogni sabato in Oratorio SDS dalle 14.45 alle 15.45. A partire dalla 3^ elementare. Al primo incontro si richiede la presenza di almeno un genitore.<strong>\u00a0<\/strong><\/p>\n<ol start=\"3\">\n<li><strong>CORO S.MESSA ORE 11.00 IN NATIVITA\u2019 DI MARIA VERGINE<\/strong><\/li>\n<\/ol>\n<p>Il coro \u00e8 in cerca di chitarristi e persone che abbiano voglia di pregare cantando durante la S. Messa delle ore 11.00. Non ci sono limiti di et\u00e0. Chi volesse prestare servizio, pu\u00f2 recarsi in chiesa\u00a0 mezz\u2019ora prima della funzione<\/p>\n","protected":false},"excerpt":{"rendered":"<p>L\u2019animazione liturgica delle celebrazioni \u00e8 un servizio prezioso nelle nostre assemblee. Nel Consiglio Pastorale di febbraio metteremo a fuoco proprio questo aspetto del Progetto pastorale. IL CORO POLIFONICO DELLA PARROCCHIA S.M.AUSILIATRICE IN CERCA DI UN \u201cDIRETTORE\u201d Ringraziamo il maestro Silvio Mauri che per anni ha diretto, con molta professionalit\u00e0 e competenza, il Coro Polifonico di [&hellip;]<\/p>\n","protected":false},"author":2,"featured_media":0,"comment_status":"closed","ping_status":"open","sticky":false,"template":"","format":"standard","meta":{"footnotes":""},"categories":[23],"tags":[],"class_list":{"0":"post-7574","1":"post","2":"type-post","3":"status-publish","4":"format-standard","6":"category-avvisi"},"_links":{"self":[{"href":"https:\/\/comunitapastoralecassina.org\/ver2\/wp-json\/wp\/v2\/posts\/7574","targetHints":{"allow":["GET"]}}],"collection":[{"href":"https:\/\/comunitapastoralecassina.org\/ver2\/wp-json\/wp\/v2\/posts"}],"about":[{"href":"https:\/\/comunitapastoralecassina.org\/ver2\/wp-json\/wp\/v2\/types\/post"}],"author":[{"embeddable":true,"href":"https:\/\/comunitapastoralecassina.org\/ver2\/wp-json\/wp\/v2\/users\/2"}],"replies":[{"embeddable":true,"href":"https:\/\/comunitapastoralecassina.org\/ver2\/wp-json\/wp\/v2\/comments?post=7574"}],"version-history":[{"count":3,"href":"https:\/\/comunitapastoralecassina.org\/ver2\/wp-json\/wp\/v2\/posts\/7574\/revisions"}],"predecessor-version":[{"id":7586,"href":"https:\/\/comunitapastoralecassina.org\/ver2\/wp-json\/wp\/v2\/posts\/7574\/revisions\/7586"}],"wp:attachment":[{"href":"https:\/\/comunitapastoralecassina.org\/ver2\/wp-json\/wp\/v2\/media?parent=7574"}],"wp:term":[{"taxonomy":"category","embeddable":true,"href":"https:\/\/comunitapastoralecassina.org\/ver2\/wp-json\/wp\/v2\/categories?post=7574"},{"taxonomy":"post_tag","embeddable":true,"href":"https:\/\/comunitapastoralecassina.org\/ver2\/wp-json\/wp\/v2\/tags?post=7574"}],"curies":[{"name":"wp","href":"https:\/\/api.w.org\/{rel}","templated":true}]}}