{"id":7633,"date":"2016-01-29T08:22:31","date_gmt":"2016-01-29T07:22:31","guid":{"rendered":"http:\/\/comunitapastoralecassina.org\/ver2\/?p=7633"},"modified":"2016-01-29T08:22:31","modified_gmt":"2016-01-29T07:22:31","slug":"loratoriounopera-darte-molto-singolare","status":"publish","type":"post","link":"https:\/\/comunitapastoralecassina.org\/ver2\/2016\/01\/loratoriounopera-darte-molto-singolare\/","title":{"rendered":"L\u2019oratorio\u2026un\u2019opera d\u2019arte molto singolare!"},"content":{"rendered":"<p>Chiss\u00e0 quante volte ci siamo soffermati davanti ad un opera d\u2019arte? Immagino sar\u00e0 capitato a tutti almeno una volta di restare stupiti, affascinati e conquistati per qualche istante davanti ad un bel dipinto, un mosaico o un affresco.. mi piace pensare anche ai tre oratori della nostra comunit\u00e0 pastorale e immaginarli un po\u2019 come opere d\u2019arte uniche! Ogni oratorio pu\u00f2 far vivere e gustare esperienze speciali, pu\u00f2 segnare il cuore e lasciare un segno indelebile che ricordiamo con piacere anche a distanza di molti anni.<\/p>\n<p>L\u2019oratorio \u00e8 un\u2019 opera d\u2019arte speciale, che non ci chiede di stare semplicemente ad osservare dietro una vetrina, scrutando a distanza ci\u00f2 che avviene! \u00c8 una magnifica opera d\u2019arte che dobbiamo vivere giorno dopo giorno. Un oratorio \u00e8 vivo e ricco quando \u00e8 abitato da ciascuno di noi, da un giovane, un bambino, un adulto, un nonno, da chi passa distratto o da chi desidera un incontro&#8230; ciascuno di noi \u00e8 chiamato a sentirsi parte di questa stupenda opera d\u2019arte: una meravigliosa grande famiglia.<\/p>\n<p>In questa domenica la nostra comunit\u00e0 festeggia tutte le famiglie e quindi fa festa anche ai suoi oratori. Ogni famiglia deve percepirsi protagonista in questa domenica, deve sentirsi al centro perch\u00e9 \u00e8 grazie alle differenze che ci caratterizzano che possiamo sentirci\u00a0 unici e preziosi agli occhi del Padre. Ogni famiglia \u00e8 una sfumatura nuova, un colore particolare, una tonalit\u00e0 suggestiva che colora e arricchisce la nostra comunit\u00e0.<\/p>\n<p>In una famiglia ciascuno fa la sua parte, ma a ciascuno \u00e8 chiesto di curare, di custodire, di amare chi trova al suo fianco proprio come in un oratorio. Don Bosco amava ricordare che famiglia e oratorio sono la base dell\u2019educazione, perch\u00e9 \u00e8 l\u00ec che ciascuno pu\u00f2 crescere e far crescere!<\/p>\n<p>Il tema scelto dalla nostra diocesi per questa festa della famiglia \u00e8 \u201cperdonare le offese\u201d. Tenendo quindi sullo sfondo il tema di questo giubileo straordinario a ciascuno \u00e8 chiesto di puntare al perdono, di non rimandare ad altre occasioni, ma di vivere costruendo, custodendo e rafforzando tutte le nostre relazioni.<\/p>\n<p>Viviamo quindi nelle nostre famiglie da veri protagonisti portando il meglio in ogni situazione, in ogni incontro e in ogni scelta; viviamo con questa passione anche i nostri oratori e gli ambienti della nostra comunit\u00e0! Solo cos\u00ec saranno opere d\u2019arte che continuano a lasciare il segno e a testimoniare che educare \u00e8 cosa del cuore. Educhiamoci a crescere bene insieme tenendo fisso lo sguardo su Ges\u00f9, e ricordando che \u201cDio ama chi dona con gioia\u201d (2 Cor 9,7) in ogni famiglia e in ogni oratorio.<\/p>\n<p><em>\u00a0\u00a0\u00a0\u00a0\u00a0\u00a0\u00a0\u00a0\u00a0\u00a0\u00a0 Don Fabio<\/em><\/p>\n","protected":false},"excerpt":{"rendered":"<p>Chiss\u00e0 quante volte ci siamo soffermati davanti ad un opera d\u2019arte? Immagino sar\u00e0 capitato a tutti almeno una volta di restare stupiti, affascinati e conquistati per qualche istante davanti ad un bel dipinto, un mosaico o un affresco.. mi piace pensare anche ai tre oratori della nostra comunit\u00e0 pastorale e immaginarli un po\u2019 come opere [&hellip;]<\/p>\n","protected":false},"author":2,"featured_media":0,"comment_status":"closed","ping_status":"open","sticky":false,"template":"","format":"standard","meta":{"footnotes":""},"categories":[19],"tags":[],"class_list":{"0":"post-7633","1":"post","2":"type-post","3":"status-publish","4":"format-standard","6":"category-prima-pagina"},"_links":{"self":[{"href":"https:\/\/comunitapastoralecassina.org\/ver2\/wp-json\/wp\/v2\/posts\/7633","targetHints":{"allow":["GET"]}}],"collection":[{"href":"https:\/\/comunitapastoralecassina.org\/ver2\/wp-json\/wp\/v2\/posts"}],"about":[{"href":"https:\/\/comunitapastoralecassina.org\/ver2\/wp-json\/wp\/v2\/types\/post"}],"author":[{"embeddable":true,"href":"https:\/\/comunitapastoralecassina.org\/ver2\/wp-json\/wp\/v2\/users\/2"}],"replies":[{"embeddable":true,"href":"https:\/\/comunitapastoralecassina.org\/ver2\/wp-json\/wp\/v2\/comments?post=7633"}],"version-history":[{"count":1,"href":"https:\/\/comunitapastoralecassina.org\/ver2\/wp-json\/wp\/v2\/posts\/7633\/revisions"}],"predecessor-version":[{"id":7634,"href":"https:\/\/comunitapastoralecassina.org\/ver2\/wp-json\/wp\/v2\/posts\/7633\/revisions\/7634"}],"wp:attachment":[{"href":"https:\/\/comunitapastoralecassina.org\/ver2\/wp-json\/wp\/v2\/media?parent=7633"}],"wp:term":[{"taxonomy":"category","embeddable":true,"href":"https:\/\/comunitapastoralecassina.org\/ver2\/wp-json\/wp\/v2\/categories?post=7633"},{"taxonomy":"post_tag","embeddable":true,"href":"https:\/\/comunitapastoralecassina.org\/ver2\/wp-json\/wp\/v2\/tags?post=7633"}],"curies":[{"name":"wp","href":"https:\/\/api.w.org\/{rel}","templated":true}]}}