{"id":7646,"date":"2016-02-05T09:30:49","date_gmt":"2016-02-05T08:30:49","guid":{"rendered":"http:\/\/comunitapastoralecassina.org\/ver2\/?p=7646"},"modified":"2016-02-05T09:30:49","modified_gmt":"2016-02-05T08:30:49","slug":"malattia-tempo-di-grazia","status":"publish","type":"post","link":"https:\/\/comunitapastoralecassina.org\/ver2\/2016\/02\/malattia-tempo-di-grazia\/","title":{"rendered":"Malattia: tempo di Grazia"},"content":{"rendered":"<p>La malattia \u00e8 un tempo difficile della vita in cui si affacciano timori e speranze, certezze e dubbi. E alla fine di lotte interiori, anche lunghe, si arriva a delle decisioni che toccano il nostro corpo ma, ancora pi\u00f9 profondamente, il nostro spirito. E\u2019 un tempo di grazia, come quello dell\u2019adolescenza quando si cerca di comprendere il proprio io, o quello della giovinezza quando rispondiamo s\u00ec alla chiamata che d\u00e0 l\u2019orientamento decisivo alla nostra vita.<\/p>\n<p>Tempo di grazia significa che l\u00ec \u00e8 presente il Signore ma anche, come vediamo con evidenza anche nella vita di Ges\u00f9, il maligno con le sue tentazioni. E\u2019 un tempo, quindi, da vivere nella preghiera, guidati dalla luce della Parola di Dio e confortati da persone che ci vogliono bene.<\/p>\n<p><strong><em>Come dobbiamo comportarci nel momento della malattia? <\/em><\/strong><\/p>\n<p>Anzitutto non bisogna negare la realt\u00e0 della malattia. E\u2019 un segno che dobbiamo imparare a decifrare con l\u2019aiuto di competenti ma anche dentro di noi per poter rispondere a quello che il Signore ci sta dicendo. Dobbiamo allontanare pensieri inutili \u2013 \u00e8 difficile! \u2013 che complicano, senza nessun vantaggio, la vita. Poi dobbiamo saper ripercorrere la nostra vita, fin dall\u2019inizio, e rintracciare il filo rosso (il progetto di Dio) che la lega. Tutto si pu\u00f2 redimere, perfino le decisioni sbagliate con le loro dolorose conseguenze, quando ci affidiamo alla misericordia di Dio che sa scrivere diritto sulle nostre righe storte.<\/p>\n<p><strong><em>Come devono comportarsi gli altri?<\/em><\/strong><\/p>\n<p>Volerci bene. Riconoscere le nostre debolezze e anche le loro, per comprenderci e perdonarci reciprocamente. Accompagnarci con prontezza e competenza per aiutarci a guarire. Senza dimenticarsi che il nostro corpo \u00e8 un organismo vivo fatto di sentimenti e passioni, aperto a Dio e agli altri. Pregare con noi e per noi. E quando chi \u00e8 malato non riesce pi\u00f9 a dire parole di preghiera perch\u00e9 tutto il suo corpo e la sua anima sono un\u2019offerta a Dio, cercare la stessa unit\u00e0 dentro di noi per vivere all\u2019unisono con lui.<\/p>\n<p>Nei prossimi giorni (11 febbraio) ricorderemo l\u2019anniversario dell\u2019apparizione della Madonna a Lourdes. E\u2019 la giornata del malato. Con gratitudine prendiamo sempre pi\u00f9 coscienza che siamo suoi figli perch\u00e9 affidati a lei da Ges\u00f9 in croce. Di Maria possiamo fidarci anche quando ci dice: \u201cqualunque cosa vi dica (anche nel segno della malattia), fatela\u201d.<\/p>\n<p><em>\u00a0\u00a0\u00a0\u00a0\u00a0\u00a0\u00a0\u00a0\u00a0\u00a0\u00a0 Don Silvio<\/em><\/p>\n","protected":false},"excerpt":{"rendered":"<p>La malattia \u00e8 un tempo difficile della vita in cui si affacciano timori e speranze, certezze e dubbi. E alla fine di lotte interiori, anche lunghe, si arriva a delle decisioni che toccano il nostro corpo ma, ancora pi\u00f9 profondamente, il nostro spirito. E\u2019 un tempo di grazia, come quello dell\u2019adolescenza quando si cerca di [&hellip;]<\/p>\n","protected":false},"author":2,"featured_media":0,"comment_status":"closed","ping_status":"open","sticky":false,"template":"","format":"standard","meta":{"footnotes":""},"categories":[19],"tags":[],"class_list":{"0":"post-7646","1":"post","2":"type-post","3":"status-publish","4":"format-standard","6":"category-prima-pagina"},"_links":{"self":[{"href":"https:\/\/comunitapastoralecassina.org\/ver2\/wp-json\/wp\/v2\/posts\/7646","targetHints":{"allow":["GET"]}}],"collection":[{"href":"https:\/\/comunitapastoralecassina.org\/ver2\/wp-json\/wp\/v2\/posts"}],"about":[{"href":"https:\/\/comunitapastoralecassina.org\/ver2\/wp-json\/wp\/v2\/types\/post"}],"author":[{"embeddable":true,"href":"https:\/\/comunitapastoralecassina.org\/ver2\/wp-json\/wp\/v2\/users\/2"}],"replies":[{"embeddable":true,"href":"https:\/\/comunitapastoralecassina.org\/ver2\/wp-json\/wp\/v2\/comments?post=7646"}],"version-history":[{"count":1,"href":"https:\/\/comunitapastoralecassina.org\/ver2\/wp-json\/wp\/v2\/posts\/7646\/revisions"}],"predecessor-version":[{"id":7647,"href":"https:\/\/comunitapastoralecassina.org\/ver2\/wp-json\/wp\/v2\/posts\/7646\/revisions\/7647"}],"wp:attachment":[{"href":"https:\/\/comunitapastoralecassina.org\/ver2\/wp-json\/wp\/v2\/media?parent=7646"}],"wp:term":[{"taxonomy":"category","embeddable":true,"href":"https:\/\/comunitapastoralecassina.org\/ver2\/wp-json\/wp\/v2\/categories?post=7646"},{"taxonomy":"post_tag","embeddable":true,"href":"https:\/\/comunitapastoralecassina.org\/ver2\/wp-json\/wp\/v2\/tags?post=7646"}],"curies":[{"name":"wp","href":"https:\/\/api.w.org\/{rel}","templated":true}]}}