{"id":7673,"date":"2016-02-26T10:01:48","date_gmt":"2016-02-26T09:01:48","guid":{"rendered":"http:\/\/comunitapastoralecassina.org\/ver2\/?p=7673"},"modified":"2016-02-26T10:00:50","modified_gmt":"2016-02-26T09:00:50","slug":"24-ore-per-il-signore-ecco-cose","status":"publish","type":"post","link":"https:\/\/comunitapastoralecassina.org\/ver2\/2016\/02\/24-ore-per-il-signore-ecco-cose\/","title":{"rendered":"24 ore per il signore: ecco cos\u2019\u00e8"},"content":{"rendered":"<p>Nel bel mezzo della Quaresima, fra <strong>venerd\u00ec 4 e sabato 5 marzo<\/strong> 2016, si svolger\u00e0 in tutto il mondo, <a href=\"http:\/\/www.iubilaeummisericordiae.va\/content\/gdm\/it\/roma\/grandi-eventi\/2016-03-04-24ore.html\" target=\"_blank\"><strong>in sintonia con la Basilica di San Pietro in Vaticano<\/strong><\/a><strong>,<\/strong> la <strong>\u00ab24 ore per il Signore\u00bb<\/strong>, una \u201cmaratona\u201d di preghiera per 24 ore davanti a Ges\u00f9 Eucaristia (<strong>dedicando il venerd\u00ec e il sabato all&#8217;Adorazione eucaristica prolungata<\/strong>) in cui sar\u00e0 possibile anche vivere la <strong>Celebrazione del Sacramento della Riconciliazione<\/strong> con la presenza di un prete (anche nella notte) e sostare in preghiera.<\/p>\n<p>Sar\u00e0 anche per noi un\u2019esperienza spirituale forte.<\/p>\n<p style=\"text-align: center;\"><strong>Noi la vivremo a Camporicco (dalle ore 17.00 di venerd\u00ec alle ore 17.00 di sabato).<\/strong><\/p>\n<p>Ogni ora (quasi\u2026 perch\u00e9 scoperte alcune ore centrali della notte) verr\u00e0 introdotta e guidata (in parte, perch\u00e9 ci saranno anche momenti di silenzio) da un gruppo o da una associazione che animer\u00e0 la preghiera e la riflessione.<\/p>\n<p>Siamo invitati tutti a partecipare e a \u201csostare\u201d davanti al Signore Ges\u00f9 in questo Anno della Misericordia, in comunione con Papa Francesco.<\/p>\n<p>Possiamo segnare sul foglio in fondo ad ogni Chiesa il nostro nome come impegno ad esserci.<\/p>\n<p><strong>Qui sotto i gruppi che hanno dato disponibilit\u00e0 ad animare:<\/strong><\/p>\n<ul>\n<li>Ore 17.00 \u00a0\u00a0\u00a0\u00a0 Via Crucis ragazzi della Comunit\u00e0<\/li>\n<li>Ore 18.00\u00a0\u00a0\u00a0\u00a0\u00a0 Ragazzi Missionari<\/li>\n<li>Ore 19.00\u00a0\u00a0\u00a0\u00a0\u00a0 Girotondo &#8211; Il Ponte<\/li>\n<li>Ore 20.00 \u00a0\u00a0\u00a0\u00a0 Coro Sant\u2019Agata<\/li>\n<li>Ore 21.00\u00a0\u00a0\u00a0\u00a0\u00a0 Confraternita S. Rosario<\/li>\n<li>Ore 22.00\u00a0\u00a0\u00a0\u00a0\u00a0 Alleanza Cattolica<\/li>\n<li>Ore 23.00 \u00a0\u00a0\u00a0\u00a0 Centro Culturale Camporicco<\/li>\n<li>Ore 24.00\u00a0\u00a0\u00a0\u00a0\u00a0 Corale S.Maria Ausiliatrice<\/li>\n<li>Ore 1.00\u00a0\u00a0\u00a0\u00a0\u00a0\u00a0\u00a0 Comunione e Liberazione<\/li>\n<li>Ore 2.00\u00a0\u00a0\u00a0\u00a0\u00a0\u00a0\u00a0 Associazione Teatrale \u201cIn Cammino\u201d<\/li>\n<li>Ore 3.00<\/li>\n<li>Ore 4.00<\/li>\n<li>Ore 5.00<\/li>\n<li>Ore 6.00 \u00a0\u00a0\u00a0\u00a0\u00a0\u00a0 Scout<\/li>\n<li>Ore 7.00\u00a0\u00a0\u00a0\u00a0\u00a0\u00a0\u00a0 Consiglio Pastorale<\/li>\n<li>Ore 8.00 \u00a0\u00a0\u00a0\u00a0\u00a0\u00a0 Catechisti Prebattesimali<\/li>\n<li>Ore 9.00\u00a0\u00a0\u00a0\u00a0\u00a0\u00a0\u00a0 Gruppo Presepe<\/li>\n<li>Ore 10.00\u00a0\u00a0\u00a0\u00a0\u00a0 Terza Et\u00e0<\/li>\n<li>Ore 11.00\u00a0\u00a0\u00a0\u00a0\u00a0 Gruppi Missionari<\/li>\n<li>Ore 12.00\u00a0\u00a0\u00a0\u00a0\u00a0 Caritas<\/li>\n<li>Ore 13.00\u00a0\u00a0\u00a0\u00a0\u00a0 Ministri Straordinari dell\u2019Eucarestia<\/li>\n<li>Ore 14.00\u00a0\u00a0\u00a0\u00a0\u00a0 Ora di Guardia<\/li>\n<li>Ore 15.00\u00a0\u00a0\u00a0\u00a0\u00a0 Catechisti \/ Educatori\/ ASD Arcobaleno (don Fabio)<\/li>\n<li>Ore 16.00\u00a0\u00a0\u00a0\u00a0\u00a0 Coretto SMA e Ministranti (don Fabio)<\/li>\n<\/ul>\n<h2>Ma di cosa si tratta?<\/h2>\n<p>Papa Francesco ha espresso l&#8217;augurio che in tutta la Chiesa, &#8220;anche a livello diocesano&#8221; si celebri l&#8217;iniziativa &#8220;24 ore per il Signore&#8221;, per &#8220;dare espressione alla necessit\u00e0 della preghiera&#8221;.<\/p>\n<p>La &#8220;24 ore&#8221; \u00e8 una iniziativa lanciata nel 2014 dal Pontificio consiglio per la nuova evangelizzazione. Allora si svolse venerd\u00ec 28 marzo; l&#8217;intera giornata fu dedicata al sacramento della riconciliazione, proprio per consentire a quanti lo desideravano di accostarvisi. Aderirono decine di diocesi in tutta Italia.<\/p>\n","protected":false},"excerpt":{"rendered":"<p>Nel bel mezzo della Quaresima, fra venerd\u00ec 4 e sabato 5 marzo 2016, si svolger\u00e0 in tutto il mondo, in sintonia con la Basilica di San Pietro in Vaticano, la \u00ab24 ore per il Signore\u00bb, una \u201cmaratona\u201d di preghiera per 24 ore davanti a Ges\u00f9 Eucaristia (dedicando il venerd\u00ec e il sabato all&#8217;Adorazione eucaristica prolungata) [&hellip;]<\/p>\n","protected":false},"author":2,"featured_media":0,"comment_status":"closed","ping_status":"open","sticky":false,"template":"","format":"standard","meta":{"footnotes":""},"categories":[23],"tags":[],"class_list":{"0":"post-7673","1":"post","2":"type-post","3":"status-publish","4":"format-standard","6":"category-avvisi"},"_links":{"self":[{"href":"https:\/\/comunitapastoralecassina.org\/ver2\/wp-json\/wp\/v2\/posts\/7673","targetHints":{"allow":["GET"]}}],"collection":[{"href":"https:\/\/comunitapastoralecassina.org\/ver2\/wp-json\/wp\/v2\/posts"}],"about":[{"href":"https:\/\/comunitapastoralecassina.org\/ver2\/wp-json\/wp\/v2\/types\/post"}],"author":[{"embeddable":true,"href":"https:\/\/comunitapastoralecassina.org\/ver2\/wp-json\/wp\/v2\/users\/2"}],"replies":[{"embeddable":true,"href":"https:\/\/comunitapastoralecassina.org\/ver2\/wp-json\/wp\/v2\/comments?post=7673"}],"version-history":[{"count":3,"href":"https:\/\/comunitapastoralecassina.org\/ver2\/wp-json\/wp\/v2\/posts\/7673\/revisions"}],"predecessor-version":[{"id":7695,"href":"https:\/\/comunitapastoralecassina.org\/ver2\/wp-json\/wp\/v2\/posts\/7673\/revisions\/7695"}],"wp:attachment":[{"href":"https:\/\/comunitapastoralecassina.org\/ver2\/wp-json\/wp\/v2\/media?parent=7673"}],"wp:term":[{"taxonomy":"category","embeddable":true,"href":"https:\/\/comunitapastoralecassina.org\/ver2\/wp-json\/wp\/v2\/categories?post=7673"},{"taxonomy":"post_tag","embeddable":true,"href":"https:\/\/comunitapastoralecassina.org\/ver2\/wp-json\/wp\/v2\/tags?post=7673"}],"curies":[{"name":"wp","href":"https:\/\/api.w.org\/{rel}","templated":true}]}}