{"id":7676,"date":"2016-02-19T13:04:45","date_gmt":"2016-02-19T12:04:45","guid":{"rendered":"http:\/\/comunitapastoralecassina.org\/ver2\/?p=7676"},"modified":"2016-02-19T13:04:45","modified_gmt":"2016-02-19T12:04:45","slug":"come-e-iniziata-la-mia-quaresima","status":"publish","type":"post","link":"https:\/\/comunitapastoralecassina.org\/ver2\/2016\/02\/come-e-iniziata-la-mia-quaresima\/","title":{"rendered":"Come \u00e8 iniziata la mia quaresima?"},"content":{"rendered":"<p>Eh s\u00ec! Siamo alla 2^ settimana del nostro cammino in preparazione alla Pasqua. Mi chiedo: \u201cCome la nostra Comunit\u00e0 ha iniziato la Quaresima?\u201d\u2026 o meglio: \u201cCome io ho iniziato la Quaresima?\u201d.<\/p>\n<p>Chiediamocelo. Guardiamo alla settimana trascorsa e chiediamoci se qualcosa \u00e8 cambiato nella mia settimana, nella mia giornata, nel programma quotidiano dei miei impegni.<\/p>\n<p>O meglio, invece di guardare se \u201cqualcosa \u00e8 cambiato\u201d nella mia vita ordinaria, mi chiedo quale passo di \u201cconversione\u201d ho scelto di fare .<\/p>\n<p>La Quaresima mia e di don Fabio \u00e8 iniziata in modo particolare: rientrando in casa domenica scorsa (dopo cena) abbiamo trovato il nostro appartamento letteralmente \u201csottosopra\u201d (perch\u00e9 qualcuno, non invitato, ha pensato di entrare non dalla porta, ma dalla finestra e \u201cmettere le mani\u201d dappertutto). Questa esperienza (che non pochi hanno sperimentato) crea, al momento, rabbia, confusione, scoraggiamento, d\u00e0 un senso di smarrimento. Mentre \u201crimettevamo\u201d con pazienza, nel pieno della notte, in ordine tutte le nostre cose sparse qui e l\u00e0, mi veniva in mente che questa situazione d\u00e0 un po\u2019 la motivazione della \u201cconversione\u201d (cio\u00e8: rimettere ordine, mettere al posto giusto, cambiare qualcosa, valutare ci\u00f2 che \u00e8 essenziale).<\/p>\n<p>Poi riflettevo che questa \u00e8\u00a0 la Quaresima dell\u2019Anno Santo della Misericordia. Il tempo migliore per impegnarci ad essere \u00abmisericordiosi come il Padre\u00bb, secondo il motto di questo Giubileo. Noi sappiamo che questo \u00e8 un grande compito, che non \u00e8 impossibile per noi e per la nostra Comunit\u00e0, se camminiamo su un sentiero sicuro e ben tracciato. Ecco che essere \u00abcome il Padre\u00bb, capaci di perdono, di misericordia e dell\u2019amore pi\u00f9 grande, significa per noi essere \u00abcome Ges\u00f9\u00bb. \u00c8 lui \u00abla via, la verit\u00e0 e la vita\u00bb (Gv 14, 6), la persona da imitare in tutte le nostre azioni e in tutte le nostre scelte. Le sue parole e i suoi gesti sono l\u2019esempio per noi, sono un programma di vita, gi\u00e0 tracciato per la nostra felicit\u00e0. Se sappiamo quindi che cosa dobbiamo fare non ci rimane che metterci all\u2019opera!<\/p>\n<p>\u2026Mi chiedo: \u201cCome \u00e8 iniziata la mia Quaresima\u201d?<\/p>\n<p>Don Massimo<\/p>\n","protected":false},"excerpt":{"rendered":"<p>Eh s\u00ec! Siamo alla 2^ settimana del nostro cammino in preparazione alla Pasqua. Mi chiedo: \u201cCome la nostra Comunit\u00e0 ha iniziato la Quaresima?\u201d\u2026 o meglio: \u201cCome io ho iniziato la Quaresima?\u201d. Chiediamocelo. Guardiamo alla settimana trascorsa e chiediamoci se qualcosa \u00e8 cambiato nella mia settimana, nella mia giornata, nel programma quotidiano dei miei impegni. O [&hellip;]<\/p>\n","protected":false},"author":2,"featured_media":0,"comment_status":"closed","ping_status":"open","sticky":false,"template":"","format":"standard","meta":{"footnotes":""},"categories":[19],"tags":[],"class_list":{"0":"post-7676","1":"post","2":"type-post","3":"status-publish","4":"format-standard","6":"category-prima-pagina"},"_links":{"self":[{"href":"https:\/\/comunitapastoralecassina.org\/ver2\/wp-json\/wp\/v2\/posts\/7676","targetHints":{"allow":["GET"]}}],"collection":[{"href":"https:\/\/comunitapastoralecassina.org\/ver2\/wp-json\/wp\/v2\/posts"}],"about":[{"href":"https:\/\/comunitapastoralecassina.org\/ver2\/wp-json\/wp\/v2\/types\/post"}],"author":[{"embeddable":true,"href":"https:\/\/comunitapastoralecassina.org\/ver2\/wp-json\/wp\/v2\/users\/2"}],"replies":[{"embeddable":true,"href":"https:\/\/comunitapastoralecassina.org\/ver2\/wp-json\/wp\/v2\/comments?post=7676"}],"version-history":[{"count":1,"href":"https:\/\/comunitapastoralecassina.org\/ver2\/wp-json\/wp\/v2\/posts\/7676\/revisions"}],"predecessor-version":[{"id":7677,"href":"https:\/\/comunitapastoralecassina.org\/ver2\/wp-json\/wp\/v2\/posts\/7676\/revisions\/7677"}],"wp:attachment":[{"href":"https:\/\/comunitapastoralecassina.org\/ver2\/wp-json\/wp\/v2\/media?parent=7676"}],"wp:term":[{"taxonomy":"category","embeddable":true,"href":"https:\/\/comunitapastoralecassina.org\/ver2\/wp-json\/wp\/v2\/categories?post=7676"},{"taxonomy":"post_tag","embeddable":true,"href":"https:\/\/comunitapastoralecassina.org\/ver2\/wp-json\/wp\/v2\/tags?post=7676"}],"curies":[{"name":"wp","href":"https:\/\/api.w.org\/{rel}","templated":true}]}}