{"id":7704,"date":"2016-03-04T09:55:09","date_gmt":"2016-03-04T08:55:09","guid":{"rendered":"http:\/\/comunitapastoralecassina.org\/ver2\/?p=7704"},"modified":"2016-03-07T14:41:19","modified_gmt":"2016-03-07T13:41:19","slug":"terza-testimonianza-per-i-genitori-sul-perdono-la-grazia-del-perdono","status":"publish","type":"post","link":"https:\/\/comunitapastoralecassina.org\/ver2\/2016\/03\/terza-testimonianza-per-i-genitori-sul-perdono-la-grazia-del-perdono\/","title":{"rendered":"Terza testimonianza per i genitori sul Perdono: La grazia del perdono"},"content":{"rendered":"<p style=\"text-align: center;\">\n<p style=\"text-align: center;\"><strong><a href=\"http:\/\/comunitapastoralecassina.org\/ver2\/wp-content\/uploads\/incontro-castagna.pdf\" rel=\"\">Scarica il volantino<\/a><\/strong><\/p>\n<h1>La grazia del Perdono<\/h1>\n<p><strong>Venerd\u00ec 11 marzo in SMA alle ore 21.00 \u00a0<\/strong>testimonianza in <strong>Santa Maria Ausiliatrice\u00a0<\/strong>dedicata a tutti i genitori, educatori, catechisti (ma non solo) della Comunit\u00e0 Pastorale, sul tema del perdono.<\/p>\n<p>Invitiamo tutti a non perdere un significativo incontro con <strong>Carlo Castanga<\/strong>, marito padre e nonno di tre delle quattro vittime della strage di Erba avvenuta l\u201911 dicembre 2006 e per la quale Rosa e Olindo Romano, vicini di appartamento, sono stati condannati a vita.<\/p>\n<p>L\u2019incontro vuole essere un\u2019occasione per scoprire le radici di un perdono autentico, che non \u00e8 frutto di improvvisazione ma di una radicata scelta di vita cristiana. Dice C. Castagna in un\u2019intervista ad Avvenire: \u201c<em>Il perdono non \u00e8 frutto del buonismo, che prima o poi finisce, n\u00e9 della mia bravura: \u00e8 un dono che Dio ci d\u00e0 perch\u00e9 la vita possa ricominciare<\/em>\u201d.<\/p>\n<p>Questo \u00e8 l&#8217;ultimo incontro che si colloca all\u2019interno di un<a href=\"http:\/\/comunitapastoralecassina.org\/ver2\/2015\/11\/incontri-formazione-genitori\/\" target=\"_blank\"> Progetto di formazione per i genitori<\/a><\/p>\n<p>&nbsp;<\/p>\n","protected":false},"excerpt":{"rendered":"<p>Scarica il volantino La grazia del Perdono Venerd\u00ec 11 marzo in SMA alle ore 21.00 \u00a0testimonianza in Santa Maria Ausiliatrice\u00a0dedicata a tutti i genitori, educatori, catechisti (ma non solo) della Comunit\u00e0 Pastorale, sul tema del perdono. Invitiamo tutti a non perdere un significativo incontro con Carlo Castanga, marito padre e nonno di tre delle quattro [&hellip;]<\/p>\n","protected":false},"author":2,"featured_media":0,"comment_status":"closed","ping_status":"open","sticky":false,"template":"","format":"standard","meta":{"footnotes":""},"categories":[23],"tags":[],"class_list":{"0":"post-7704","1":"post","2":"type-post","3":"status-publish","4":"format-standard","6":"category-avvisi"},"_links":{"self":[{"href":"https:\/\/comunitapastoralecassina.org\/ver2\/wp-json\/wp\/v2\/posts\/7704","targetHints":{"allow":["GET"]}}],"collection":[{"href":"https:\/\/comunitapastoralecassina.org\/ver2\/wp-json\/wp\/v2\/posts"}],"about":[{"href":"https:\/\/comunitapastoralecassina.org\/ver2\/wp-json\/wp\/v2\/types\/post"}],"author":[{"embeddable":true,"href":"https:\/\/comunitapastoralecassina.org\/ver2\/wp-json\/wp\/v2\/users\/2"}],"replies":[{"embeddable":true,"href":"https:\/\/comunitapastoralecassina.org\/ver2\/wp-json\/wp\/v2\/comments?post=7704"}],"version-history":[{"count":6,"href":"https:\/\/comunitapastoralecassina.org\/ver2\/wp-json\/wp\/v2\/posts\/7704\/revisions"}],"predecessor-version":[{"id":7717,"href":"https:\/\/comunitapastoralecassina.org\/ver2\/wp-json\/wp\/v2\/posts\/7704\/revisions\/7717"}],"wp:attachment":[{"href":"https:\/\/comunitapastoralecassina.org\/ver2\/wp-json\/wp\/v2\/media?parent=7704"}],"wp:term":[{"taxonomy":"category","embeddable":true,"href":"https:\/\/comunitapastoralecassina.org\/ver2\/wp-json\/wp\/v2\/categories?post=7704"},{"taxonomy":"post_tag","embeddable":true,"href":"https:\/\/comunitapastoralecassina.org\/ver2\/wp-json\/wp\/v2\/tags?post=7704"}],"curies":[{"name":"wp","href":"https:\/\/api.w.org\/{rel}","templated":true}]}}