{"id":7730,"date":"2016-03-11T11:18:43","date_gmt":"2016-03-11T10:18:43","guid":{"rendered":"http:\/\/comunitapastoralecassina.org\/ver2\/?p=7730"},"modified":"2016-03-11T11:18:43","modified_gmt":"2016-03-11T10:18:43","slug":"ripercorriamo-la-passione-drammatizzata-e-animata","status":"publish","type":"post","link":"https:\/\/comunitapastoralecassina.org\/ver2\/2016\/03\/ripercorriamo-la-passione-drammatizzata-e-animata\/","title":{"rendered":"Ripercorriamo la passione:  Drammatizzata e animata"},"content":{"rendered":"<p>Carissimi, il prossimo quaresimale comunitario sar\u00e0 davvero un ricco momento di riflessione e di partecipazione della Comunit\u00e0.<\/p>\n<p>Vivremo insieme la Passione, aiutati dai pap\u00e0 del <strong>gruppo <\/strong><strong>dei PA<\/strong><strong><sup>3<\/sup><\/strong> e da molti altri gruppi della nostra Comunit\u00e0. Desidero, di cuore, da una parte ringraziare tutti coloro che prenderanno parte a questa \u201crappresentazione \u2013 celebrazione\u201d\u00a0 e dall\u2019altra invito tutti a partecipare insieme a questo suggestivo momento in preparazione alla Pasqua.<\/p>\n<p>La nostra Comunit\u00e0 ha un \u201cdono\u201d grande: la presenza di chi, attraverso la passione per il Teatro, mette a fuoco i propri talenti comunicando grandi valori. A tutti e a ciascuno GRAZIE per rendere l\u2019Oratorio un luogo significativo anche per questo.<\/p>\n<p>Ringrazio la carissima Annamaria Ponzellini (\u201cmente\u201d di questo progetto) che ha accolto il mio invito a presentarci questo evento attraverso le \u201crighe\u201d dell\u2019Insieme.<\/p>\n<p>Don Massimo<\/p>\n<hr \/>\n<h1><strong>La Passione rappresentata dai PA<\/strong><strong><sup>3 <\/sup><\/strong><strong>(Padri al cubo)<\/strong><\/h1>\n<p>Nella tradizione ebraica, la notte di Pasqua, il pi\u00f9 piccolo della famiglia rivolge ai presenti una domanda: \u201cPerch\u00e9 questa sera \u00e8 diversa da tutte le altre sere?\u201d, il pap\u00e0 incomincia allora un lungo racconto che ripercorre l&#8217;evento di salvezza ricordato nella cena pasquale ebraica, dove traspare l\u2019amore di Dio per il suo popolo.<\/p>\n<p>I pap\u00e0 del gruppo dei PA<sup>3<\/sup> si sentono chiamati a rispondere alla stessa domanda: \u201cPerch\u00e9 questa sera \u00e8 diversa da tutte le altre sere?\u201d, che cosa ricordano i cristiani i venerd\u00ec di quaresima?<\/p>\n<p>Il <strong>18 marzo<\/strong> con la sacra rappresentazione itinerante della Passione di Ges\u00f9, i Pa<sup>3<\/sup> proveranno a rispondere\u00a0 dando corpo, voce, testimonianza all&#8217;espressione pi\u00f9 grande dell&#8217;Amore di Dio per noi: il dono di suo Figlio Ges\u00f9.<\/p>\n<p>Giuseppe ha custodito Ges\u00f9, bambino, tra le sue braccia amorevoli perch\u00e9 crescesse e diventasse uomo, un altro Giuseppe ha accolto Ges\u00f9 esanime tra le sue braccia e amorevolmente lo ha portato al sepolcro.<\/p>\n<p>Ges\u00f9 ci ha tanto amato da dare tutto se stesso, mentre la sua vita si spegneva ha acceso un fuoco immenso che \u00e8 divampato nei secoli. Custodire quel fuoco e portarlo a tutti \u00e8 il compito che hanno accolto i \u201cGiuseppe\u201d di oggi, i pap\u00e0.<\/p>\n<p>In prossimit\u00e0 della festa di san Giuseppe, custode dell&#8217;amore, i PA<sup>3<\/sup> lanciano l&#8217;invito a \u201ctoccare\u201d, vedere, ascoltare la bellezza del dono di essere custoditi dall\u2019amore Dio, in particolare da Ges\u00f9 crocifisso, per essere, a nostra volta, custodi per amore dell\u2019intera creazione, di ogni persona, specie della pi\u00f9 povera, di noi stessi e delle nostre famiglie, per far risplendere la stella della speranza.<\/p>\n<p>Custodire \u00e8 un&#8217;azione che richiede impegno e fiducia negli altri, lo sanno i genitori di tutto il mondo, lo sapevano anche Giuseppe e Maria: non si cresce un figlio da soli, \u00e8 importante che ci sia una rete educativa. Allo stesso modo \u00e8 importante custodire l&#8217;Amore di Ges\u00f9 insieme, per questo la sacra rappresentazione organizzata dai Pa<sup>3<\/sup> avr\u00e0 molti \u201ccustodi\u201d: le tre parrocchie, i bambini e le catechiste dell&#8217;iniziazione cristiana, il gruppo Adolescenti e 18\/19enni con gli educatori, il gruppo In Cammino, la Caritas, il gruppo Terza Et\u00e0, il gruppo del Rosario, il gruppo Arcobaleno, il gruppo Fiaccolata, il gruppo Scout, e tante persone che insieme hanno collaborato alla realizzazione di un momento che non vuole essere spettacolarizzazione, bens\u00ec occasione di riflessione, preghiera, silenzio.<\/p>\n<p>Il <strong>18 marzo alle ore 21,00 a partire dalla parrocchia di Nativit\u00e0 di Maria<\/strong> inizier\u00e0 il racconto della Passione che dovrebbe risuonare ogni giorno nelle nostre case: \u201cAscolta figlio mio, ora ti racconto&#8230;\u201d.<\/p>\n<p>Annamaria Ponzellini<\/p>\n","protected":false},"excerpt":{"rendered":"<p>Carissimi, il prossimo quaresimale comunitario sar\u00e0 davvero un ricco momento di riflessione e di partecipazione della Comunit\u00e0. Vivremo insieme la Passione, aiutati dai pap\u00e0 del gruppo dei PA3 e da molti altri gruppi della nostra Comunit\u00e0. Desidero, di cuore, da una parte ringraziare tutti coloro che prenderanno parte a questa \u201crappresentazione \u2013 celebrazione\u201d\u00a0 e dall\u2019altra [&hellip;]<\/p>\n","protected":false},"author":2,"featured_media":0,"comment_status":"closed","ping_status":"open","sticky":false,"template":"","format":"standard","meta":{"footnotes":""},"categories":[19],"tags":[],"class_list":{"0":"post-7730","1":"post","2":"type-post","3":"status-publish","4":"format-standard","6":"category-prima-pagina"},"_links":{"self":[{"href":"https:\/\/comunitapastoralecassina.org\/ver2\/wp-json\/wp\/v2\/posts\/7730","targetHints":{"allow":["GET"]}}],"collection":[{"href":"https:\/\/comunitapastoralecassina.org\/ver2\/wp-json\/wp\/v2\/posts"}],"about":[{"href":"https:\/\/comunitapastoralecassina.org\/ver2\/wp-json\/wp\/v2\/types\/post"}],"author":[{"embeddable":true,"href":"https:\/\/comunitapastoralecassina.org\/ver2\/wp-json\/wp\/v2\/users\/2"}],"replies":[{"embeddable":true,"href":"https:\/\/comunitapastoralecassina.org\/ver2\/wp-json\/wp\/v2\/comments?post=7730"}],"version-history":[{"count":1,"href":"https:\/\/comunitapastoralecassina.org\/ver2\/wp-json\/wp\/v2\/posts\/7730\/revisions"}],"predecessor-version":[{"id":7731,"href":"https:\/\/comunitapastoralecassina.org\/ver2\/wp-json\/wp\/v2\/posts\/7730\/revisions\/7731"}],"wp:attachment":[{"href":"https:\/\/comunitapastoralecassina.org\/ver2\/wp-json\/wp\/v2\/media?parent=7730"}],"wp:term":[{"taxonomy":"category","embeddable":true,"href":"https:\/\/comunitapastoralecassina.org\/ver2\/wp-json\/wp\/v2\/categories?post=7730"},{"taxonomy":"post_tag","embeddable":true,"href":"https:\/\/comunitapastoralecassina.org\/ver2\/wp-json\/wp\/v2\/tags?post=7730"}],"curies":[{"name":"wp","href":"https:\/\/api.w.org\/{rel}","templated":true}]}}