{"id":7742,"date":"2016-03-18T08:53:03","date_gmt":"2016-03-18T07:53:03","guid":{"rendered":"http:\/\/comunitapastoralecassina.org\/ver2\/?p=7742"},"modified":"2016-03-25T17:12:30","modified_gmt":"2016-03-25T16:12:30","slug":"auguri-monsignore","status":"publish","type":"post","link":"https:\/\/comunitapastoralecassina.org\/ver2\/2016\/03\/auguri-monsignore\/","title":{"rendered":"AUGURI MONSIGNORE\u2026!"},"content":{"rendered":"<p><a href=\"http:\/\/comunitapastoralecassina.org\/ver2\/wp-content\/uploads\/don-bruno-pann30x40rid.jpg\" rel=\"attachment wp-att-7759\"><img loading=\"lazy\" decoding=\"async\" class=\"aligncenter size-medium wp-image-7759\" src=\"http:\/\/comunitapastoralecassina.org\/ver2\/wp-content\/uploads\/don-bruno-pann30x40rid-225x300.jpg\" alt=\"don bruno pann30x40rid\" width=\"225\" height=\"300\" srcset=\"https:\/\/comunitapastoralecassina.org\/ver2\/wp-content\/uploads\/don-bruno-pann30x40rid-225x300.jpg 225w, https:\/\/comunitapastoralecassina.org\/ver2\/wp-content\/uploads\/don-bruno-pann30x40rid-768x1026.jpg 768w, https:\/\/comunitapastoralecassina.org\/ver2\/wp-content\/uploads\/don-bruno-pann30x40rid-767x1024.jpg 767w, https:\/\/comunitapastoralecassina.org\/ver2\/wp-content\/uploads\/don-bruno-pann30x40rid.jpg 1168w\" sizes=\"auto, (max-width: 225px) 100vw, 225px\" \/><\/a><\/p>\n<p>Domenica 27 marzo (Giorno di Pasqua) don Bruno compie 90 anni (pi\u00f9 della met\u00e0 qui a Cassina). Ecco, come Editoriale di questo numero dell\u2019Insieme, l\u2019intervista realizzata da don Fabio.<a href=\"http:\/\/comunitapastoralecassina.org\/ver2\/wp-content\/uploads\/Auguri-monsignore.jpg\" rel=\"attachment wp-att-7743\"><img loading=\"lazy\" decoding=\"async\" class=\"alignright size-medium wp-image-7743\" src=\"http:\/\/comunitapastoralecassina.org\/ver2\/wp-content\/uploads\/Auguri-monsignore-300x187.jpg\" alt=\"Auguri monsignore\" width=\"300\" height=\"187\" srcset=\"https:\/\/comunitapastoralecassina.org\/ver2\/wp-content\/uploads\/Auguri-monsignore-300x187.jpg 300w, https:\/\/comunitapastoralecassina.org\/ver2\/wp-content\/uploads\/Auguri-monsignore-768x478.jpg 768w, https:\/\/comunitapastoralecassina.org\/ver2\/wp-content\/uploads\/Auguri-monsignore.jpg 917w\" sizes=\"auto, (max-width: 300px) 100vw, 300px\" \/><\/a><\/p>\n<p><strong>Stiamo per vivere dei momenti importanti per la vita della nostra comunit\u00e0: a Maggio celebreremo i 40 anni di consacrazione della nostra Chiesa e i\u00a0 30 anni di fondazione della Parrocchia S. M. Ausiliatrice. Ma in tutti questi anni qui qual\u2019 \u00e8 stato il momento pi\u00f9 bello che lei ha vissuto?<\/strong><\/p>\n<p>Mi capita spesso di ripensare a questi anni vissuti a Cassina, molte volte penso, rifletto e prego per tutti i doni che il Signore mi ha fatto incontrare qui. Tra i ricordi pi\u00f9 belli non posso non raccontare il momento in cui il cardinal Colombo mi ha annunciato che sarei diventato parroco di Cassina de\u2019 Pecchi. Ricordo molto bene l\u2019entusiasmo e la felicit\u00e0 con cui ho appreso la notizia, ma anche i dubbi e le paure che sentivo \u2026 fare il parroco, chiss\u00e0 come sar\u00e0 strano \u2026 Ho accettato senza sapere nulla della realt\u00e0, conoscevo pochissimo di Cassina de\u2019 Pecchi, forse solo il nome perch\u00e9 non sono nato tanto lontano da qui.\u00a0 Sentivo il Signore che mi diceva: <em>\u201cVai, fidati e vedrai\u201d<\/em> &#8230; e cos\u00ec ho fatto. Mi rendevo conto che c\u2019era qualche difficolt\u00e0, la chiesa da sistemare, l\u2019oratorio da costruire. Ricordo bene mio padre nel momento in cui mi ha detto: \u201c<em>Anche se devi costruire una chiesa, vai lo stesso\u201d<\/em>.<\/p>\n<p>Che gioia quando ho visto realizzata la nostra chiesa, che meraviglia!! Mi tornano in mente tutti gli incoraggiamenti delle persone che desideravano pregare in un posto bello, desideravano spazio per vivere insieme e bene l\u2019Eucaristia.<\/p>\n<p>Un altro ricordo che mi ritorna spesso alla mente, sono le voci dei bambini della scuola materna. Quando avvertivo la fatica, quando vivevo qualche giornata particolarmente difficile andavo a scuola da loro e il suono delle loro voci mi aiutava!! Mangiavo con loro, li incontravo e tutto era diverso&#8230; state sempre con i bambini, loro sanno farvi stare bene.<\/p>\n<p><strong>In questo \u201cnostro\u201d inizio abbiamo raccolto e continuiamo ad accogliere i sogni che la gente ha nel cuore &#8230; Qual \u00e8 il suo sogno pi\u00f9 grande?<\/strong><\/p>\n<p>Un sogno \u00e8 quello di vedere in ogni momento una comunit\u00e0 cristiana che vive ogni istante, ogni scelta, ogni impegno cercando di amare Dio e i fratelli che lui ci fa incontrare. Chiedo a tutti e per tutti noi la capacit\u00e0 di saper superare anche le difficolt\u00e0; vorrei vedere questa nostra bella Comunit\u00e0 come una vera e grande famiglia.<\/p>\n<p>Questo \u00e8 il sogno pi\u00f9 bello! Vedere che ciascuno cerca sempre e solo il bene per chi gli sta accanto! Ges\u00f9 ci vuole cos\u00ec: appassionati nella ricerca del Bene\u2026<\/p>\n<p><strong>Don Bruno questa intervista verr\u00e0 pubblicata sull\u2019Insieme nella settimana che ci prepara alla Pasqua\u2026 Cosa vorrebbe dire ad ogni famiglia?<\/strong><\/p>\n<p>Amatevi davvero, amiamoci come il Signore ci ha insegnato.\u00a0 Non perdete il tempo prezioso della vita in questioni di poca importanza, in questioni solo materiali. Non litigate mai per i soldi: contano davvero poco! Vorrei suggerire ad ogni famiglia di curare i rapporti, le amicizie e tutte le relazioni. Cerchiamo di essere sempre in pace con tutti anche con chi ha pensieri diversi dal nostro. Tutti siamo figli di Dio, siamo tutti amati per sempre, per la sua infinita misericordia. Agite sempre pensando al bene, certi che anche in questa Pasqua lui risorge per noi!<\/p>\n<p><strong>Tra qualche mese verr\u00f2 ordinato sacerdote, lei alle spalle ha molti anni di esperienza. Posso chiederle\u00a0 qualche consiglio per il mio ministero?<\/strong><\/p>\n<p>Caro don Fabio\u2026 devi voler sempre bene al tuo Parroco!<\/p>\n<p>Ed assieme a lui a tutti gli altri confratelli sacerdoti\u2026\u00a0 Cura il tempo per stare con loro, mangiate insieme, pregate, chiacchierate di tutto tra voi. Se ti confronterai sempre con i tuoi confratelli potrai superare anche qualche difficolt\u00e0. Cerca sempre di guardare al Signore, al Crocifisso e chiediti \u00a0<em>\u201cLui qui cosa mi dice di fare?\u201d<\/em>.\u00a0 Ama sempre la tua comunit\u00e0, il tuo popolo, la gente che Lui ti metter\u00e0 accanto. Cerca di essere un prete per tutti, non solo per chi hai gi\u00e0 vicino. Essere prete \u00e8 stupendo: stupisciti ogni volta che potrai celebrare l\u2019Eucaristia, ogni volta che abbraccerai qualcuno, ogni volta che assolverai un fedele e ogni volta che sarai chiamato a benedire. Porta sempre a tutti il Signore e la sua Parola e non smettere mai di parlare di Lui.<\/p>\n<p><strong>(a cura di don Fabio, luned\u00ec 7 marzo 2016)<\/strong><\/p>\n","protected":false},"excerpt":{"rendered":"<p>Domenica 27 marzo (Giorno di Pasqua) don Bruno compie 90 anni (pi\u00f9 della met\u00e0 qui a Cassina). Ecco, come Editoriale di questo numero dell\u2019Insieme, l\u2019intervista realizzata da don Fabio. Stiamo per vivere dei momenti importanti per la vita della nostra comunit\u00e0: a Maggio celebreremo i 40 anni di consacrazione della nostra Chiesa e i\u00a0 30 [&hellip;]<\/p>\n","protected":false},"author":2,"featured_media":0,"comment_status":"closed","ping_status":"open","sticky":false,"template":"","format":"standard","meta":{"footnotes":""},"categories":[19],"tags":[],"class_list":{"0":"post-7742","1":"post","2":"type-post","3":"status-publish","4":"format-standard","6":"category-prima-pagina"},"_links":{"self":[{"href":"https:\/\/comunitapastoralecassina.org\/ver2\/wp-json\/wp\/v2\/posts\/7742","targetHints":{"allow":["GET"]}}],"collection":[{"href":"https:\/\/comunitapastoralecassina.org\/ver2\/wp-json\/wp\/v2\/posts"}],"about":[{"href":"https:\/\/comunitapastoralecassina.org\/ver2\/wp-json\/wp\/v2\/types\/post"}],"author":[{"embeddable":true,"href":"https:\/\/comunitapastoralecassina.org\/ver2\/wp-json\/wp\/v2\/users\/2"}],"replies":[{"embeddable":true,"href":"https:\/\/comunitapastoralecassina.org\/ver2\/wp-json\/wp\/v2\/comments?post=7742"}],"version-history":[{"count":4,"href":"https:\/\/comunitapastoralecassina.org\/ver2\/wp-json\/wp\/v2\/posts\/7742\/revisions"}],"predecessor-version":[{"id":7767,"href":"https:\/\/comunitapastoralecassina.org\/ver2\/wp-json\/wp\/v2\/posts\/7742\/revisions\/7767"}],"wp:attachment":[{"href":"https:\/\/comunitapastoralecassina.org\/ver2\/wp-json\/wp\/v2\/media?parent=7742"}],"wp:term":[{"taxonomy":"category","embeddable":true,"href":"https:\/\/comunitapastoralecassina.org\/ver2\/wp-json\/wp\/v2\/categories?post=7742"},{"taxonomy":"post_tag","embeddable":true,"href":"https:\/\/comunitapastoralecassina.org\/ver2\/wp-json\/wp\/v2\/tags?post=7742"}],"curies":[{"name":"wp","href":"https:\/\/api.w.org\/{rel}","templated":true}]}}