{"id":7776,"date":"2016-03-31T22:58:55","date_gmt":"2016-03-31T20:58:55","guid":{"rendered":"http:\/\/comunitapastoralecassina.org\/ver2\/?p=7776"},"modified":"2016-03-31T22:58:55","modified_gmt":"2016-03-31T20:58:55","slug":"cose-e-come-nasce-la-festa-della-divina-misericordia","status":"publish","type":"post","link":"https:\/\/comunitapastoralecassina.org\/ver2\/2016\/03\/cose-e-come-nasce-la-festa-della-divina-misericordia\/","title":{"rendered":"Cos&#8217;\u00e8 e come nasce la festa della Divina Misericordia"},"content":{"rendered":"<p>La festa della Divina Misericordia \u00e8 stata istituita ufficialmente da <strong>Giovanni Paolo II<\/strong> nel 1992 che la fiss\u00f2 per tutta la Chiesa nella prima domenica dopo Pasqua, la cosiddetta \u201cDomenica in albis\u201d.<\/p>\n<p><strong>Dove \u00e8 stata celebrata per prima questa ricorrenza? <\/strong><\/p>\n<p>Il card. <strong>Franciszek Macharski<\/strong> con la Lettera Pastorale per la Quaresima (1985) ha introdotto la festa nella diocesi di Cracovia e seguendo il suo esempio, negli anni successivi, lo hanno fatto i vescovi di altre diocesi in Polonia. Il culto della Divina Misericordia nella prima domenica dopo Pasqua nel santuario di Cracovia &#8211; Lagiewniki era gi\u00e0 presente nel 1944. La partecipazione alle funzioni era cos\u00ec numerosa che la Congregazione ha ottenuto l&#8217;indulgenza plenaria, concessa nel 1951 per sette anni dal card. Adam Sapieha. Dalle pagine del <em>Diario<\/em> sappiamo che <strong>suor Faustina Kowalska<\/strong> fu la prima a celebrare individualmente questa festa con il permesso del confessore.<\/p>\n<p><strong>Quali sono le origini della festa?<\/strong><\/p>\n<p>Ges\u00f9, secondo le visioni avute da suor Faustina e annotate nel <em>Diario<\/em>, parl\u00f2 per la prima volta del desiderio di istituire questa festa a suor Faustina a P\u0142ock nel 1931, quando le trasmetteva la sua volont\u00e0 per quanto riguardava il quadro: &#8220;I<strong>o desidero che vi sia una festa della Misericordia. <\/strong>Voglio che l&#8217;immagine, che dipingerai con il pennello, venga solennemente benedetta nella prima domenica dopo Pasqua; questa domenica deve essere la festa della Misericordia&#8221;. Negli anni successivi Ges\u00f9 \u00e8 ritornato a fare questa richiesta addirittura in 14 apparizioni definendo con precisione il giorno della festa nel calendario liturgico della Chiesa, la causa e lo scopo della sua istituzione, il modo di prepararla e di celebrarla come pure le grazie ad essa legate.<\/p>\n<p><strong>Perch\u00e9 \u00e8 stata indicata la prima domenica dopo Pasqua? <\/strong><\/p>\n<p>La scelta della prima domenica dopo Pasqua ha un suo profondo senso teologico: indica lo stretto legame tra il mistero pasquale della Redenzione e la festa della Misericordia, cosa che ha notato anche suor Faustina: &#8220;<strong>Ora vedo che l&#8217;opera della Redenzione \u00e8 collegata con l&#8217;opera della Misericordia richiesta dal Signore<\/strong>&#8220;. Questo legame \u00e8 sottolineato ulteriormente dalla novena che precede la festa e che inizia il Venerd\u00ec Santo. Ges\u00f9 ha spiegato la ragione per cui ha chiesto l&#8217;istituzione della festa: &#8220;Le anime periscono, nonostante la Mia dolorosa Passione (&#8230;). Se non adoreranno la Mia misericordia, periranno per sempre&#8221;.<\/p>\n<p>La preparazione alla festa deve essere una novena, che consiste nella recita, cominciando dal Venerd\u00ec Santo, della coroncina alla Divina Misericordia. Questa novena \u00e8 stata desiderata da Ges\u00f9 ed Egli ha detto a proposito di essa che &#8220;elargir\u00e0 grazie di ogni genere&#8221;.<\/p>\n<p><strong>Come si festeggia?<\/strong><\/p>\n<p>Per quanto riguarda il modo di celebrare la festa Ges\u00f9 ha espresso due desideri:<br \/>\n&#8211; che il quadro della Misericordia sia quel giorno solennemente benedetto e pubblicamente, cio\u00e8 liturgicamente, venerato;<\/p>\n<p>&#8211; che i sacerdoti parlino alle anime di questa grande e insondabile misericordia Divina e in tal modo risveglino nei fedeli la fiducia. &#8220;S\u00ec, &#8211; ha detto Ges\u00f9 &#8211; la prima domenica dopo Pasqua \u00e8 la festa della Misericordia, ma deve esserci anche l&#8217;azione ed esigo il culto della Mia misericordia con la solenne celebrazione di questa festa e col culto all&#8217;immagine che \u00e8 stata dipinta&#8221;.<\/p>\n<p><strong>Chi era suor Faustina Kowalska? <\/strong><\/p>\n<p>Nata in un villaggio polacco e battezzata col nome di Elena, \u00e8 la terza dei 10 figli di Marianna e Stanislao Kowalski. Che sono contadini poveri, nella Polonia divisa tra gli imperi russo, tedesco e austriaco. Lei fa tre anni di scuola, poi va a servizio. Pensava di farsi suora gi\u00e0 da piccola, ma realizza il progetto solo nell\u2019agosto 1925: a Varsavia \u2013 ora capitale della Polonia indipendente \u2013 entra nella comunit\u00e0 della Vergine della Misericordia, prendendo i nomi di Maria Faustina. E fa la cuoca, la giardiniera, la portinaia, passando poi per varie case della Congregazione (tra cui, quelle di Varsavia, Vilnius e Cracovia). Ma al tempo stesso \u00e8 destinataria di visioni e rivelazioni che i suoi confessori le suggeriscono di annotare in un <strong>diario<\/strong> (poi tradotto e pubblicato in molte lingue). E tuttavia non crede che questi fatti straordinari siano un marchio di santit\u00e0. Lei scrive che alla perfezione si arriva attraverso l\u2019unione intima dell\u2019anima con Dio, non per mezzo di \u201cgrazie, rivelazioni, estasi\u201d. Queste sono piuttosto veicoli dell\u2019invito divino a lei, perch\u00e9 richiami l\u2019attenzione su ci\u00f2 che \u00e8 stato gi\u00e0 detto, ossia sui testi della Scrittura che parlano della misericordia divina e poi perch\u00e9 stimoli fra i credenti la fiducia nel Signore (espressa con la formula: &#8220;Ges\u00f9, confido in te&#8221;) e la volont\u00e0 di farsi personalmente misericordiosi. Muore a 33 anni in Cracovia. <strong>Beatificata nel 1993, \u00e8 proclamata santa nel 2000 da Giovanni Paolo II.<\/strong> Le reliquie si trovano a Cracovia-Lagiewniki, nel santuario della Divina Misericordia. La sua festa ricorre il 5 ottobre.<\/p>\n","protected":false},"excerpt":{"rendered":"<p>La festa della Divina Misericordia \u00e8 stata istituita ufficialmente da Giovanni Paolo II nel 1992 che la fiss\u00f2 per tutta la Chiesa nella prima domenica dopo Pasqua, la cosiddetta \u201cDomenica in albis\u201d. Dove \u00e8 stata celebrata per prima questa ricorrenza? Il card. Franciszek Macharski con la Lettera Pastorale per la Quaresima (1985) ha introdotto la [&hellip;]<\/p>\n","protected":false},"author":2,"featured_media":0,"comment_status":"closed","ping_status":"open","sticky":false,"template":"","format":"standard","meta":{"footnotes":""},"categories":[19],"tags":[],"class_list":{"0":"post-7776","1":"post","2":"type-post","3":"status-publish","4":"format-standard","6":"category-prima-pagina"},"_links":{"self":[{"href":"https:\/\/comunitapastoralecassina.org\/ver2\/wp-json\/wp\/v2\/posts\/7776","targetHints":{"allow":["GET"]}}],"collection":[{"href":"https:\/\/comunitapastoralecassina.org\/ver2\/wp-json\/wp\/v2\/posts"}],"about":[{"href":"https:\/\/comunitapastoralecassina.org\/ver2\/wp-json\/wp\/v2\/types\/post"}],"author":[{"embeddable":true,"href":"https:\/\/comunitapastoralecassina.org\/ver2\/wp-json\/wp\/v2\/users\/2"}],"replies":[{"embeddable":true,"href":"https:\/\/comunitapastoralecassina.org\/ver2\/wp-json\/wp\/v2\/comments?post=7776"}],"version-history":[{"count":1,"href":"https:\/\/comunitapastoralecassina.org\/ver2\/wp-json\/wp\/v2\/posts\/7776\/revisions"}],"predecessor-version":[{"id":7777,"href":"https:\/\/comunitapastoralecassina.org\/ver2\/wp-json\/wp\/v2\/posts\/7776\/revisions\/7777"}],"wp:attachment":[{"href":"https:\/\/comunitapastoralecassina.org\/ver2\/wp-json\/wp\/v2\/media?parent=7776"}],"wp:term":[{"taxonomy":"category","embeddable":true,"href":"https:\/\/comunitapastoralecassina.org\/ver2\/wp-json\/wp\/v2\/categories?post=7776"},{"taxonomy":"post_tag","embeddable":true,"href":"https:\/\/comunitapastoralecassina.org\/ver2\/wp-json\/wp\/v2\/tags?post=7776"}],"curies":[{"name":"wp","href":"https:\/\/api.w.org\/{rel}","templated":true}]}}