{"id":7782,"date":"2016-04-07T15:59:30","date_gmt":"2016-04-07T13:59:30","guid":{"rendered":"http:\/\/comunitapastoralecassina.org\/ver2\/?p=7782"},"modified":"2016-04-07T15:59:30","modified_gmt":"2016-04-07T13:59:30","slug":"convocazione-consiglio-pastorale-12-aprile","status":"publish","type":"post","link":"https:\/\/comunitapastoralecassina.org\/ver2\/2016\/04\/convocazione-consiglio-pastorale-12-aprile\/","title":{"rendered":"Convocazione consiglio pastorale: 12 aprile"},"content":{"rendered":"<p>Per <strong>MARTEDI\u2019 12 aprile 2016<\/strong>, alle <strong>ore 21.00<\/strong>, \u00e8 convocato il Consiglio Pastorale della comunit\u00e0, nella sala parrocchiale di Nativit\u00e0 Maria Vergine con il seguente Ordine del Giorno:<\/p>\n<p>&nbsp;<\/p>\n<p>Preghiera di compieta; Lettura e approvazione verbale precedente; Condivisione sulla Quaresima e sul Triduo Pasquale; Introduzione don Massimo sul &#8220;senso&#8221; del fare festa; Sguardo al calendario per le imminenti Feste (maggio &#8211; giugno); Festa degli Anniversari (ogni parrocchia porti le esperienze degli anni precedenti e la partecipazione al consiglio degli organizzatori); Mese di maggio, compreso Ascensione e Corpus Domini, (ogni parrocchia porti una proposta sul mese di maggio); Comunicazione sulle celebrazioni in Estate; Varie.<\/p>\n","protected":false},"excerpt":{"rendered":"<p>Per MARTEDI\u2019 12 aprile 2016, alle ore 21.00, \u00e8 convocato il Consiglio Pastorale della comunit\u00e0, nella sala parrocchiale di Nativit\u00e0 Maria Vergine con il seguente Ordine del Giorno: &nbsp; Preghiera di compieta; Lettura e approvazione verbale precedente; Condivisione sulla Quaresima e sul Triduo Pasquale; Introduzione don Massimo sul &#8220;senso&#8221; del fare festa; Sguardo al calendario [&hellip;]<\/p>\n","protected":false},"author":2,"featured_media":0,"comment_status":"closed","ping_status":"open","sticky":false,"template":"","format":"standard","meta":{"footnotes":""},"categories":[23],"tags":[],"class_list":{"0":"post-7782","1":"post","2":"type-post","3":"status-publish","4":"format-standard","6":"category-avvisi"},"_links":{"self":[{"href":"https:\/\/comunitapastoralecassina.org\/ver2\/wp-json\/wp\/v2\/posts\/7782","targetHints":{"allow":["GET"]}}],"collection":[{"href":"https:\/\/comunitapastoralecassina.org\/ver2\/wp-json\/wp\/v2\/posts"}],"about":[{"href":"https:\/\/comunitapastoralecassina.org\/ver2\/wp-json\/wp\/v2\/types\/post"}],"author":[{"embeddable":true,"href":"https:\/\/comunitapastoralecassina.org\/ver2\/wp-json\/wp\/v2\/users\/2"}],"replies":[{"embeddable":true,"href":"https:\/\/comunitapastoralecassina.org\/ver2\/wp-json\/wp\/v2\/comments?post=7782"}],"version-history":[{"count":1,"href":"https:\/\/comunitapastoralecassina.org\/ver2\/wp-json\/wp\/v2\/posts\/7782\/revisions"}],"predecessor-version":[{"id":7783,"href":"https:\/\/comunitapastoralecassina.org\/ver2\/wp-json\/wp\/v2\/posts\/7782\/revisions\/7783"}],"wp:attachment":[{"href":"https:\/\/comunitapastoralecassina.org\/ver2\/wp-json\/wp\/v2\/media?parent=7782"}],"wp:term":[{"taxonomy":"category","embeddable":true,"href":"https:\/\/comunitapastoralecassina.org\/ver2\/wp-json\/wp\/v2\/categories?post=7782"},{"taxonomy":"post_tag","embeddable":true,"href":"https:\/\/comunitapastoralecassina.org\/ver2\/wp-json\/wp\/v2\/tags?post=7782"}],"curies":[{"name":"wp","href":"https:\/\/api.w.org\/{rel}","templated":true}]}}