{"id":8499,"date":"2016-12-16T10:51:35","date_gmt":"2016-12-16T09:51:35","guid":{"rendered":"http:\/\/comunitapastoralecassina.org\/ver2\/?p=8499"},"modified":"2016-12-23T15:32:47","modified_gmt":"2016-12-23T14:32:47","slug":"che-bello-il-presepe-dal-basso","status":"publish","type":"post","link":"https:\/\/comunitapastoralecassina.org\/ver2\/2016\/12\/che-bello-il-presepe-dal-basso\/","title":{"rendered":"Che bello il presepe&#8230;dal basso!"},"content":{"rendered":"<h1 style=\"text-align: center;\"><strong>Auguri di un Santo Natale!<\/strong><\/h1>\n<p style=\"text-align: center;\"><strong>Lasciamoci attrarre dalla luce di Dio fatto uomo <\/strong><em>(<\/em><em>Papa Francesco<\/em><em>)<\/em><\/p>\n<p style=\"text-align: center;\"><strong>La gioia del Natale riempia il tuo cuore e grazie a te, sia nella nostra Comunit\u00e0<\/strong><\/p>\n<p style=\"text-align: center;\"><strong>La nostra preghiera per te!<\/strong><\/p>\n<p style=\"text-align: center;\"><strong>DON MASSIMO &#8211; DON FABIO &#8211; DON BANGALY &#8211; DON SILVIO<\/strong><\/p>\n<hr \/>\n<p><a href=\"http:\/\/comunitapastoralecassina.org\/ver2\/wp-content\/uploads\/IMG-20161217-WA0003.jpg\"><img loading=\"lazy\" decoding=\"async\" class=\"size-medium wp-image-8502 aligncenter\" src=\"http:\/\/comunitapastoralecassina.org\/ver2\/wp-content\/uploads\/IMG-20161217-WA0003-300x169.jpg\" alt=\"img-20161217-wa0003\" width=\"300\" height=\"169\" srcset=\"https:\/\/comunitapastoralecassina.org\/ver2\/wp-content\/uploads\/IMG-20161217-WA0003-300x169.jpg 300w, https:\/\/comunitapastoralecassina.org\/ver2\/wp-content\/uploads\/IMG-20161217-WA0003-768x432.jpg 768w, https:\/\/comunitapastoralecassina.org\/ver2\/wp-content\/uploads\/IMG-20161217-WA0003-1024x576.jpg 1024w, https:\/\/comunitapastoralecassina.org\/ver2\/wp-content\/uploads\/IMG-20161217-WA0003.jpg 1600w\" sizes=\"auto, (max-width: 300px) 100vw, 300px\" \/><\/a> <a href=\"http:\/\/comunitapastoralecassina.org\/ver2\/wp-content\/uploads\/IMG-20161217-WA0001.jpg\"><img loading=\"lazy\" decoding=\"async\" class=\"size-medium wp-image-8503 aligncenter\" src=\"http:\/\/comunitapastoralecassina.org\/ver2\/wp-content\/uploads\/IMG-20161217-WA0001-300x169.jpg\" alt=\"img-20161217-wa0001\" width=\"300\" height=\"169\" srcset=\"https:\/\/comunitapastoralecassina.org\/ver2\/wp-content\/uploads\/IMG-20161217-WA0001-300x169.jpg 300w, https:\/\/comunitapastoralecassina.org\/ver2\/wp-content\/uploads\/IMG-20161217-WA0001-768x432.jpg 768w, https:\/\/comunitapastoralecassina.org\/ver2\/wp-content\/uploads\/IMG-20161217-WA0001-1024x576.jpg 1024w, https:\/\/comunitapastoralecassina.org\/ver2\/wp-content\/uploads\/IMG-20161217-WA0001.jpg 1600w\" sizes=\"auto, (max-width: 300px) 100vw, 300px\" \/><\/a><\/p>\n<p>Che bello entrare nelle case e trovare i bambini che ti portano subito a vedere il loro presepe.<\/p>\n<p>Il bello di un presepe \u00e8 che puoi vederci di tutto.<\/p>\n<p>Mentre vado a far visita alle famiglie, di casa in casa, a me capita di guardare il presepe dall\u2019alto, da \u201cfuori\u201d.<\/p>\n<p>S\u00ec, da \u201cfuori\u201d, perch\u00e9 chi lo fa con le sue mani ci vede molto di pi\u00f9 perch\u00e9 lo guarda con la passione di chi ci ha messo del \u201csuo\u201d per costruirlo e realizzarlo (a volte anche nei minimi particolari).<\/p>\n<p>Mi sono chiesto: <em>\u201cMa in questo presepe, cosa vede Ges\u00f9 Bambino dalla culla?\u201d<\/em><\/p>\n<p>Che bello imparare in questo prossimo Natale a <strong>guardare il mondo \u201cdal basso\u201d, dalla mangiatoia, con gli occhi del Dio Bambino.<\/strong><\/p>\n<p>Chiss\u00e0 cosa avr\u00e0 visto per primo Ges\u00f9 Bambino. Senz\u2019altro il <strong>sorriso di Maria <\/strong>e il volto di Giuseppe. Che bello cominciare cos\u00ec: con un sorriso!<\/p>\n<p>La seconda cosa che ha potuto vedere \u00e8 un gruppetto di persone con semplici doni: i <strong>pastori<\/strong>.<\/p>\n<p>Qualcuno era certamente a mani vuote, ma dal Dio bambino si pu\u00f2 andare anche senza portare nulla oltre che se stessi e Lui \u00e8 contento lo stesso. Pi\u00f9 lontano, gli occhi del Dio bambino, dal basso, avranno visto anche<strong> il buio <\/strong>che circondava la grotta. Vedeva anche tutto questo, ma senza paura. Perch\u00e9 il buio pu\u00f2 essere sconfitto anche da una piccola luce. E\u2019 bello vedere il mondo da questo punto di vista, perch\u00e9 ci aiuta a guardare con un altro punto di vista ci\u00f2 che accade dentro e fuori di noi.<\/p>\n<p><em>Ma come si fa a \u201cvedere dal basso\u201d?<\/em> Occorre <strong>chinarsi<\/strong>.<\/p>\n<p>Penso che ci siano due modi di scendere in basso per vedere in modo diverso il mondo.<\/p>\n<p>Il primo \u00e8 quello di <strong>mettersi al servizio<\/strong>. Quando si serve ci si china, per lavare i piedi come Ges\u00f9 ai discepoli. <em>Posso imparare a vedere \u201cdal basso\u201d se non smetto di mettere la mia vita a servizio\u2026.<\/em><\/p>\n<p>Ma forse il modo che Dio mi prepara per scendere in basso \u00e8 un altro. A volte mi serve cadere, fare i conti con la <strong>mia fragilit\u00e0<\/strong>. Allora mi trovo con sorpresa anch\u2019io vicino al Dio bambino, come lui bisognoso di tutto, e proprio cos\u00ec posso trovare un punto di vista nuovo, accogliere la misericordia che mi salva, la mano che mi solleva, la cura di chi mi vuol bene, l\u2019amore del Padre che non mi abbandona, il suo perdono che mi salva.<\/p>\n<p><em>Dal basso tutto prende nuova forma, e il Dio bambino non \u00e8 mai cos\u00ec vicino<\/em>.<\/p>\n<p>A tutti, in questa settimana che ci separa dal Natale di Ges\u00f9, buona Riconciliazione!<\/p>\n<p>DON MASSIMO<\/p>\n","protected":false},"excerpt":{"rendered":"<p>Auguri di un Santo Natale! Lasciamoci attrarre dalla luce di Dio fatto uomo (Papa Francesco) La gioia del Natale riempia il tuo cuore e grazie a te, sia nella nostra Comunit\u00e0 La nostra preghiera per te! DON MASSIMO &#8211; DON FABIO &#8211; DON BANGALY &#8211; DON SILVIO Che bello entrare nelle case e trovare i [&hellip;]<\/p>\n","protected":false},"author":2,"featured_media":0,"comment_status":"closed","ping_status":"open","sticky":false,"template":"","format":"standard","meta":{"footnotes":""},"categories":[19],"tags":[],"class_list":{"0":"post-8499","1":"post","2":"type-post","3":"status-publish","4":"format-standard","6":"category-prima-pagina"},"_links":{"self":[{"href":"https:\/\/comunitapastoralecassina.org\/ver2\/wp-json\/wp\/v2\/posts\/8499","targetHints":{"allow":["GET"]}}],"collection":[{"href":"https:\/\/comunitapastoralecassina.org\/ver2\/wp-json\/wp\/v2\/posts"}],"about":[{"href":"https:\/\/comunitapastoralecassina.org\/ver2\/wp-json\/wp\/v2\/types\/post"}],"author":[{"embeddable":true,"href":"https:\/\/comunitapastoralecassina.org\/ver2\/wp-json\/wp\/v2\/users\/2"}],"replies":[{"embeddable":true,"href":"https:\/\/comunitapastoralecassina.org\/ver2\/wp-json\/wp\/v2\/comments?post=8499"}],"version-history":[{"count":7,"href":"https:\/\/comunitapastoralecassina.org\/ver2\/wp-json\/wp\/v2\/posts\/8499\/revisions"}],"predecessor-version":[{"id":8509,"href":"https:\/\/comunitapastoralecassina.org\/ver2\/wp-json\/wp\/v2\/posts\/8499\/revisions\/8509"}],"wp:attachment":[{"href":"https:\/\/comunitapastoralecassina.org\/ver2\/wp-json\/wp\/v2\/media?parent=8499"}],"wp:term":[{"taxonomy":"category","embeddable":true,"href":"https:\/\/comunitapastoralecassina.org\/ver2\/wp-json\/wp\/v2\/categories?post=8499"},{"taxonomy":"post_tag","embeddable":true,"href":"https:\/\/comunitapastoralecassina.org\/ver2\/wp-json\/wp\/v2\/tags?post=8499"}],"curies":[{"name":"wp","href":"https:\/\/api.w.org\/{rel}","templated":true}]}}