{"id":8778,"date":"2017-03-03T09:46:37","date_gmt":"2017-03-03T08:46:37","guid":{"rendered":"http:\/\/comunitapastoralecassina.org\/ver2\/?p=8778"},"modified":"2017-03-10T10:32:48","modified_gmt":"2017-03-10T09:32:48","slug":"cara-quaresima","status":"publish","type":"post","link":"https:\/\/comunitapastoralecassina.org\/ver2\/2017\/03\/cara-quaresima\/","title":{"rendered":"\u201cCara Quaresima\u2026\u201d"},"content":{"rendered":"<p>Tre anni fa (Quaresima 2014) un adolescente di Besana Brianza mi invit\u00f2 a guardare il sito web di Radio Deejay, dove in prima pagina c\u2019era pubblicata questa \u201clettera\u201d indirizzata alla Quaresima.<\/p>\n<p>Iniziando questo Tempo \u201cforte\u201d che ci prepara alla Pasqua, desidero condividere questa semplice riflessione con la nostra Comunit\u00e0, aggiungendo l\u2019augurio che la Quaresima sia un tempo di Grazia e di conversione per ognuno di noi.<\/p>\n<p><strong>Buon Cammino! <\/strong><\/p>\n<p><strong>Don Massimo<\/strong><\/p>\n<hr \/>\n<p>Cara Quaresima,<\/p>\n<p>bentornata tra noi!<\/p>\n<p>So che non sei abituata ad essere notata, ma quest\u2019anno prometto di considerarti per quel che meriti, un\u2019occasione per alzare l\u2019asticella.<\/p>\n<p>Da oggi cominciano i quaranta giorni (che ricordano gli anni di esodo degli ebrei, nel deserto, e i giorni di digiuno e tentazione di Ges\u00f9, prima che iniziasse a predicare) che precedono la Pasqua.<\/p>\n<p>La festa pi\u00f9 importante dei cristiani. No? Beh, cos\u00ec dovrebbe essere!<\/p>\n<p>Da oggi iniziano giorni in cui poter, se non seguire i precetti del digiuno ecclesiastico e dell\u2019astinenza dalla carne il venerd\u00ec, quantomeno rimettere in discussione le nostre priorit\u00e0. Provare a riempirci un po\u2019 meno di cibo \u2013 e di cose materiali in genere- ad ascoltare ci\u00f2 che abbiamo dentro.<\/p>\n<p>E magari scoprire che molte frustrazioni, tristezze e malesseri, ci vengono solo come conseguenza del nostro vivere in modo vorace, e che non abbiamo un tempo infinito per accumulare piacere sulla terra, e che presto o tardi si torner\u00e0 ad esser cenere (che caratterizza questo \u201cinizio\u201d) per cui vale la pena di pensare a chi aspetta le nostre scuse, un nostro sorriso, o un\u2019attenzione che non abbiamo mai concesso.<\/p>\n<p>E imparare \u2013 come recita un antico libro, il Qoelet- che c\u2019\u00e8 un tempo giusto per ogni cosa, e vivere bene il tempo del digiuno, porta a godere il tempo della festa.<\/p>\n<p>E se viviamo bene il tempo presente, arriveremo pronti al nostro tempo per morire. Altrimenti tutta la nostra vita \u00e8 inutile.<\/p>\n<p>E\u2019 il tempo del ravvedimento, che c\u2019\u00e8 nell\u2019ebraismo, nell\u2019islam, e in tutte le pratiche religiose, \u00e8 l\u2019unico modo per cambiare in meglio, per far morire in noi le cose brutte e farne nascere di belle;\u00a0 per diventare uomini e donne nuovi. Che poi, per chi ci crede, si esprime con il termine risorgere.<\/p>\n<p>Bentornata attesa!<\/p>\n<p><em>(Redazione web, di Radio Deejay, 5\/4\/2014)<\/em><\/p>\n<hr \/>\n<h2><strong>Quaresima di carit\u00e0<\/strong><\/h2>\n<p>Sosteniamo tutti, in questo cammino di Quaresima, il \u201c<strong>nostro<\/strong>\u201d don Paolo Mandelli (ora missionario in Camerun) nella costruzione di un <strong>pozzo d\u2019acqua <\/strong>nella sua parrocchia.<\/p>\n<p>E\u2019 possibile fare, ogni settimana, la propria Carit\u00e0 nell\u2019apposita cassetta in Chiesa.<\/p>\n<hr \/>\n<h2><strong>Eccoci in Quaresima!<\/strong><\/h2>\n<p><strong>LUNEDI\u2019:\u00a0Colazione Medie <\/strong>&#8211;\u00a0Ore 7.20\u00a0In Oratorio SDS per tutti i ragazzi delle medie<\/p>\n<p><strong>MARTEDI\u2019<\/strong> :<\/p>\n<ul>\n<li><strong>S.Messa <\/strong>\u201call\u2019alba\u201d &#8211; Ore 6.30 In Cappellina dell\u2019Oratorio SDS. Per lavoratori e studenti<\/li>\n<li><strong>Buongiorno Ges\u00f9 <\/strong>&#8211;\u00a0Ore 8.10\u00a0In Cappellina dell\u2019Oratorio SDS. Per i bambini delle elementari. I bambini verranno poi accompagnati a scuola dai Sacerdoti e volontari alle 8.20.<\/li>\n<\/ul>\n<p><strong>MERCOLEDI\u2019:\u00a0<\/strong><strong>S.Messa <\/strong>\u201calla sera\u201d &#8211; Ore 18.30 In Chiesa S.M.Ausiliatrice. Per lavoratori e studenti<\/p>\n<p><strong>VENERDI&#8217;: <\/strong><\/p>\n<p><strong>Via Crucis<\/strong><\/p>\n<ul>\n<li>Ore 8.00 Chiesa Nativit\u00e0 di M.V. (don Bangaly)<\/li>\n<li>Ore 8.30 Chiesa Sant\u2019Agata V.M (don Silvio)<\/li>\n<li>Ore 8.30 Chiesa S.M.Ausiliatrice (don Massimo)<\/li>\n<li>Ore 17.00 Oratorio SDS (don Fabio) &#8211; (Per ragazzi)<\/li>\n<li>Ore 17.00 Sant\u2019Agata V.M (don Massimo)<\/li>\n<\/ul>\n<p><strong>Via Crucis <\/strong>con <strong>Quaresimale &#8211; <\/strong>Ore 21.00 Nativit\u00e0 di M.V. (don Silvio); Sant\u2019Agata V.M (don Bangaly); S.M.Ausiliatrice (don Fabio) &#8211; (Per giovani e adulti)<\/p>\n<hr \/>\n<h2><strong>Quaresima in oratorio<\/strong><\/h2>\n<p>Ci siamo&#8230; Eccoci pronti per iniziare il cammino di quaresima! Ciascuno di noi potr\u00e0 scegliere quali appuntamenti vivere, ci\u00f2 che conta sar\u00e0 preparare al meglio la nostra vita di fede ad accogliere il dono del Signore che ancora si dona a noi PER AMORE. Ecco gli appuntamenti per il cammino di tutti:<\/p>\n<p>Ogni DOMENICA per la S. Messa dei ragazzi. Al termine quest&#8217;anno consegneremo una preghiera per il pasto in famiglia. Di domenica in domenica realizzeremo un cubo di preghiere per iniziare il pranzo rendendo insieme grazie.<\/p>\n<ul>\n<li><strong>COLAZIONE MEDIE<\/strong>: ogni LUNEDI&#8217; MATTINA ci troviamo in oratorio San Domenico Savio con i ragazzi delle medie alle 7,20 per condividere una colazione insieme ed iniziare al meglio la settimana.<\/li>\n<li><strong>BUONGIORNO GESU&#8217; <\/strong>con le ELEMENTARI: ci troviamo ogni MARTEDI&#8217; MATTINA per un momento di preghiera in cappellina in oratorio dalle 8,10 alle 8,20&#8230; e poi andremo insieme a piedi a scuola.<\/li>\n<li><strong>Via Crucis <\/strong>per bambini e ragazzi ogni venerd\u00ec dalle 17,00 alle 17,30 in oratorio San Domenico Savio e a Sant&#8217; Agata<\/li>\n<li><strong>Quaresima di carit\u00e0<\/strong>: i bambini, i ragazzi e tutte le famiglie riceveranno un piccolo salvadanaio che potr\u00e0 essere riconsegnato al termine della quaresima. il ricavato verr\u00e0 destinato alla realizzazioni di un pozzo d&#8217;acqua nel villaggio in cui don Paolo Mandelli sta vivendo la sua missione come fidei donum della nostra diocesi.<\/li>\n<\/ul>\n","protected":false},"excerpt":{"rendered":"<p>Tre anni fa (Quaresima 2014) un adolescente di Besana Brianza mi invit\u00f2 a guardare il sito web di Radio Deejay, dove in prima pagina c\u2019era pubblicata questa \u201clettera\u201d indirizzata alla Quaresima. Iniziando questo Tempo \u201cforte\u201d che ci prepara alla Pasqua, desidero condividere questa semplice riflessione con la nostra Comunit\u00e0, aggiungendo l\u2019augurio che la Quaresima sia [&hellip;]<\/p>\n","protected":false},"author":2,"featured_media":0,"comment_status":"closed","ping_status":"open","sticky":false,"template":"","format":"standard","meta":{"footnotes":""},"categories":[19],"tags":[],"class_list":{"0":"post-8778","1":"post","2":"type-post","3":"status-publish","4":"format-standard","6":"category-prima-pagina"},"_links":{"self":[{"href":"https:\/\/comunitapastoralecassina.org\/ver2\/wp-json\/wp\/v2\/posts\/8778","targetHints":{"allow":["GET"]}}],"collection":[{"href":"https:\/\/comunitapastoralecassina.org\/ver2\/wp-json\/wp\/v2\/posts"}],"about":[{"href":"https:\/\/comunitapastoralecassina.org\/ver2\/wp-json\/wp\/v2\/types\/post"}],"author":[{"embeddable":true,"href":"https:\/\/comunitapastoralecassina.org\/ver2\/wp-json\/wp\/v2\/users\/2"}],"replies":[{"embeddable":true,"href":"https:\/\/comunitapastoralecassina.org\/ver2\/wp-json\/wp\/v2\/comments?post=8778"}],"version-history":[{"count":4,"href":"https:\/\/comunitapastoralecassina.org\/ver2\/wp-json\/wp\/v2\/posts\/8778\/revisions"}],"predecessor-version":[{"id":8817,"href":"https:\/\/comunitapastoralecassina.org\/ver2\/wp-json\/wp\/v2\/posts\/8778\/revisions\/8817"}],"wp:attachment":[{"href":"https:\/\/comunitapastoralecassina.org\/ver2\/wp-json\/wp\/v2\/media?parent=8778"}],"wp:term":[{"taxonomy":"category","embeddable":true,"href":"https:\/\/comunitapastoralecassina.org\/ver2\/wp-json\/wp\/v2\/categories?post=8778"},{"taxonomy":"post_tag","embeddable":true,"href":"https:\/\/comunitapastoralecassina.org\/ver2\/wp-json\/wp\/v2\/tags?post=8778"}],"curies":[{"name":"wp","href":"https:\/\/api.w.org\/{rel}","templated":true}]}}