{"id":9135,"date":"2017-04-03T11:24:43","date_gmt":"2017-04-03T09:24:43","guid":{"rendered":"http:\/\/comunitapastoralecassina.org\/ver2\/?p=9135"},"modified":"2017-04-03T11:24:43","modified_gmt":"2017-04-03T09:24:43","slug":"le-foto-della-passione-del-31-marzo-2017","status":"publish","type":"post","link":"https:\/\/comunitapastoralecassina.org\/ver2\/2017\/04\/le-foto-della-passione-del-31-marzo-2017\/","title":{"rendered":"Le foto della Passione del 31 marzo 2017"},"content":{"rendered":"<p>Come ha detto Don Massimo &#8220;..non una rappresentazione teatrale, ma una via Crucis meditata, un modo per pregare fuori dalle porte, in una piazza&#8230;..e proprio in quella piazza il silenzio, la preghiera per il figlio di Dio morto sulla croce per noi.&#8221;<\/p>\n<p>La serata \u00e8 stata animata da diversi gruppi della nostra Comunit\u00e0 Pastorale quest&#8217;anno si \u00e8 realizzata a S.Agata<\/p>\n<p>Grazie a tutti e a chi ha reso disponibili le foto che ricordano l&#8217;vento <a href=\"https:\/\/www.facebook.com\/photo.php?fbid=1029777510488412&amp;set=ms.c.eJxFlEmOxUAIQ2~%3BUYh7uf7FWmQ~%3BZRU8Mhrhgks5MZ7IqY~%3BnjAdHJ7hS0wENLOO1AxETogqxXQ8sXVAOkLWgdcDXaUEM3pWgirm2RI0K2RrE~%3BHVF8oAEyF8hIp6uhhqLSC1yQYlc04kVIX43kZLf2WlCGlFtQdSIl4sDUiK3RpC~%3BFexfUbCjKO21LAtAWbUUXjwPmKMp1ANO6XRfnAVc09BWtE9aBGtxXA~%3B~%3BW6pbciX~%3Br8gNFJkgRXuCYxUwPYKdMfWC6UB1Al8wrmgHgV6MEYGcpqhwgB2rA6Wgotf23xYRpU2IB09NB14UZvzJ3hcU8KfyljFK~_ojIRdBHjIFoHFcukfDoM~%3BzbW~%3BMWWT6napQRMp2oH3nvJ7ktJHXBFC9LDTnpPxO1UxmOyHnvfiHA~_EAC3ZBEacCliALpKRaeLXhfFn~%3BOvywwnN5yMC2VdWOI~_4HQ4jCt6OmK63Aolpktcl3mEvo~_wJH3ArlDhwmeLA3CQ5TpI5zXYvoYyx4KS~_QAsRXvYykaHng5LAvDtYgXpUZviRFpC3XEAwuJS3iUF2PFdFCm5XVwhLJQP0ICNSH33NG1vYbVBh~_y7bc7nQg33BfV0ROdPR78~%3BUEJStoAKKfvUW9iRsqZr8QCgXIAbRGIHYoAcqCc9qvRAAaQf6AGrQ4kB9vS1igCsg1r1WYo4PhADdnz1AfaB90zV8kAlItYwrTURl2I4KGp7UNoYC7I1TJtgyUY7izn~_Ptl5bC6M7YVpnX3k7WOeetxTzzScLRP9BxSMiY0~-.bps.a.1029777260488437.1073741904.100003685182957&amp;type=3&amp;theater\" target=\"_blank\">\u00a0disponibili a questo link<\/a><\/p>\n","protected":false},"excerpt":{"rendered":"<p>Come ha detto Don Massimo &#8220;..non una rappresentazione teatrale, ma una via Crucis meditata, un modo per pregare fuori dalle porte, in una piazza&#8230;..e proprio in quella piazza il silenzio, la preghiera per il figlio di Dio morto sulla croce per noi.&#8221; La serata \u00e8 stata animata da diversi gruppi della nostra Comunit\u00e0 Pastorale quest&#8217;anno [&hellip;]<\/p>\n","protected":false},"author":2,"featured_media":0,"comment_status":"closed","ping_status":"open","sticky":false,"template":"","format":"standard","meta":{"footnotes":""},"categories":[23],"tags":[],"class_list":{"0":"post-9135","1":"post","2":"type-post","3":"status-publish","4":"format-standard","6":"category-avvisi"},"_links":{"self":[{"href":"https:\/\/comunitapastoralecassina.org\/ver2\/wp-json\/wp\/v2\/posts\/9135","targetHints":{"allow":["GET"]}}],"collection":[{"href":"https:\/\/comunitapastoralecassina.org\/ver2\/wp-json\/wp\/v2\/posts"}],"about":[{"href":"https:\/\/comunitapastoralecassina.org\/ver2\/wp-json\/wp\/v2\/types\/post"}],"author":[{"embeddable":true,"href":"https:\/\/comunitapastoralecassina.org\/ver2\/wp-json\/wp\/v2\/users\/2"}],"replies":[{"embeddable":true,"href":"https:\/\/comunitapastoralecassina.org\/ver2\/wp-json\/wp\/v2\/comments?post=9135"}],"version-history":[{"count":1,"href":"https:\/\/comunitapastoralecassina.org\/ver2\/wp-json\/wp\/v2\/posts\/9135\/revisions"}],"predecessor-version":[{"id":9136,"href":"https:\/\/comunitapastoralecassina.org\/ver2\/wp-json\/wp\/v2\/posts\/9135\/revisions\/9136"}],"wp:attachment":[{"href":"https:\/\/comunitapastoralecassina.org\/ver2\/wp-json\/wp\/v2\/media?parent=9135"}],"wp:term":[{"taxonomy":"category","embeddable":true,"href":"https:\/\/comunitapastoralecassina.org\/ver2\/wp-json\/wp\/v2\/categories?post=9135"},{"taxonomy":"post_tag","embeddable":true,"href":"https:\/\/comunitapastoralecassina.org\/ver2\/wp-json\/wp\/v2\/tags?post=9135"}],"curies":[{"name":"wp","href":"https:\/\/api.w.org\/{rel}","templated":true}]}}